{"id":176361,"date":"2021-04-16T10:01:43","date_gmt":"2021-04-16T07:01:43","guid":{"rendered":"http:\/\/107.6.182.27\/es\/?p=176361"},"modified":"2023-01-12T14:41:33","modified_gmt":"2023-01-12T12:41:33","slug":"aviacion-israeli-lanza-nueva-agresion-contra-franja-de-gaza","status":"publish","type":"post","link":"https:\/\/archive.sana.sy\/es\/?p=176361","title":{"rendered":"Aviaci\u00f3n israel\u00ed lanza nueva agresi\u00f3n contra Franja de Gaza"},"content":{"rendered":"<p style=\"text-align: justify;\"><span style=\"color: #800000;\"><strong>Jerusal\u00e9n ocupada, SANA<\/strong><\/span><\/p>\n<p style=\"text-align: justify;\">Las fuerzas a\u00e9reas del ocupante israel\u00ed bombardearon nuevamente la asediada Franja de Gaza.<\/p>\n<p style=\"text-align: justify;\">\u201cUna serie de incursiones con misiles apuntaron contra el centro, este y sur de la Franja, dejando grandes da\u00f1os en las propiedades de los civiles y en la infraestructura\u201d, divulg\u00f3 la agencia WAFA.<\/p>\n<p style=\"text-align: justify;\">Los militares sionistas agreden diariamente las tierras palestinas en las afueras de la sitiada Franja de Gaza para privar a sus residentes de sus cultivos en medio de un bloqueo injusto impuesto durante a\u00f1os.<\/p>\n<p style=\"text-align: justify;\"><span style=\"color: #0000ff;\"><strong>ah\/fm<\/strong><\/span><\/p>\n","protected":false},"excerpt":{"rendered":"<p>Jerusal\u00e9n ocupada, SANA Las fuerzas a\u00e9reas del ocupante israel\u00ed bombardearon nuevamente la asediada Franja de Gaza. \u201cUna serie de incursiones con misiles apuntaron contra el centro, este y sur de la Franja, dejando grandes da\u00f1os en las propiedades de los civiles y en la infraestructura\u201d, divulg\u00f3 la agencia WAFA. Los militares sionistas agreden diariamente las &hellip;<\/p>\n","protected":false},"author":30,"featured_media":176362,"comment_status":"closed","ping_status":"closed","sticky":false,"template":"","format":"standard","meta":{"footnotes":""},"categories":[597,456,7541],"tags":[18974],"class_list":["post-176361","post","type-post","status-publish","format-standard","has-post-thumbnail","","category-cinta-de-noticias","category-arabe-internacional-politica","category-ultimas-noticias","tag-aviacion-israeli-lanza-nueva-agresion-contra-franja-de-gaza"],"_links":{"self":[{"href":"https:\/\/archive.sana.sy\/es\/index.php?rest_route=\/wp\/v2\/posts\/176361"}],"collection":[{"href":"https:\/\/archive.sana.sy\/es\/index.php?rest_route=\/wp\/v2\/posts"}],"about":[{"href":"https:\/\/archive.sana.sy\/es\/index.php?rest_route=\/wp\/v2\/types\/post"}],"author":[{"embeddable":true,"href":"https:\/\/archive.sana.sy\/es\/index.php?rest_route=\/wp\/v2\/users\/30"}],"replies":[{"embeddable":true,"href":"https:\/\/archive.sana.sy\/es\/index.php?rest_route=%2Fwp%2Fv2%2Fcomments&post=176361"}],"version-history":[{"count":0,"href":"https:\/\/archive.sana.sy\/es\/index.php?rest_route=\/wp\/v2\/posts\/176361\/revisions"}],"wp:featuredmedia":[{"embeddable":true,"href":"https:\/\/archive.sana.sy\/es\/index.php?rest_route=\/wp\/v2\/media\/176362"}],"wp:attachment":[{"href":"https:\/\/archive.sana.sy\/es\/index.php?rest_route=%2Fwp%2Fv2%2Fmedia&parent=176361"}],"wp:term":[{"taxonomy":"category","embeddable":true,"href":"https:\/\/archive.sana.sy\/es\/index.php?rest_route=%2Fwp%2Fv2%2Fcategories&post=176361"},{"taxonomy":"post_tag","embeddable":true,"href":"https:\/\/archive.sana.sy\/es\/index.php?rest_route=%2Fwp%2Fv2%2Ftags&post=176361"}],"curies":[{"name":"wp","href":"https:\/\/api.w.org\/{rel}","templated":true}]}}