{"id":176365,"date":"2021-04-16T11:52:00","date_gmt":"2021-04-16T08:52:00","guid":{"rendered":"http:\/\/107.6.182.27\/es\/?p=176365"},"modified":"2021-04-16T11:52:00","modified_gmt":"2021-04-16T08:52:00","slug":"nino-herido-por-explosion-de-objeto-no-identificado-remanente-de-terroristas-cerca-de-damasco","status":"publish","type":"post","link":"https:\/\/archive.sana.sy\/es\/?p=176365","title":{"rendered":"Ni\u00f1o herido por explosi\u00f3n de objeto no identificado remanente de terroristas cerca de Damasco"},"content":{"rendered":"<p style=\"text-align: justify;\"><span style=\"color: #800000;\"><strong>Damasco, SANA<\/strong><\/span><\/p>\n<p style=\"text-align: justify;\">Un ni\u00f1o result\u00f3 herido al explotarse un objeto no identificado remanente de terroristas en la ciudad de Duma, en la provincia de Damasco-Campo.<\/p>\n<p style=\"text-align: justify;\">\u201cEl ni\u00f1o de 13 a\u00f1os de edad sufri\u00f3 lesiones por las metrallas de la explosi\u00f3n que ocurri\u00f3 mientras recog\u00eda chatarra\u201d, inform\u00f3 la Polic\u00eda de Damasco-Campo a SANA.<\/p>\n<p style=\"text-align: justify;\">Se\u00f1al\u00f3 que la v\u00edctima fue trasladada a un hospital en Damasco para recibir tratamiento.<\/p>\n<p style=\"text-align: justify;\">Decenas de personas, entre ellas ni\u00f1os y mujeres, perdieron sus vidas como resultado de la explosi\u00f3n de municiones, artefactos explosivos improvisados y minas abandonadas por las organizaciones terroristas.<\/p>\n<p style=\"text-align: justify;\"><span style=\"color: #0000ff;\"><strong>ah\/fm<\/strong><\/span><\/p>\n","protected":false},"excerpt":{"rendered":"<p>Damasco, SANA Un ni\u00f1o result\u00f3 herido al explotarse un objeto no identificado remanente de terroristas en la ciudad de Duma, en la provincia de Damasco-Campo. \u201cEl ni\u00f1o de 13 a\u00f1os de edad sufri\u00f3 lesiones por las metrallas de la explosi\u00f3n que ocurri\u00f3 mientras recog\u00eda chatarra\u201d, inform\u00f3 la Polic\u00eda de Damasco-Campo a SANA. Se\u00f1al\u00f3 que la &hellip;<\/p>\n","protected":false},"author":30,"featured_media":176366,"comment_status":"closed","ping_status":"closed","sticky":false,"template":"","format":"standard","meta":{"footnotes":""},"categories":[597,573,7541],"tags":[18976],"class_list":["post-176365","post","type-post","status-publish","format-standard","has-post-thumbnail","","category-cinta-de-noticias","category-la-realidad-de-los-acontecimientos-en-siria","category-ultimas-noticias","tag-nino-herido-por-explosion-de-objeto-no-identificado-remanente-de-terroristas-cerca-de-damasco"],"_links":{"self":[{"href":"https:\/\/archive.sana.sy\/es\/index.php?rest_route=\/wp\/v2\/posts\/176365"}],"collection":[{"href":"https:\/\/archive.sana.sy\/es\/index.php?rest_route=\/wp\/v2\/posts"}],"about":[{"href":"https:\/\/archive.sana.sy\/es\/index.php?rest_route=\/wp\/v2\/types\/post"}],"author":[{"embeddable":true,"href":"https:\/\/archive.sana.sy\/es\/index.php?rest_route=\/wp\/v2\/users\/30"}],"replies":[{"embeddable":true,"href":"https:\/\/archive.sana.sy\/es\/index.php?rest_route=%2Fwp%2Fv2%2Fcomments&post=176365"}],"version-history":[{"count":0,"href":"https:\/\/archive.sana.sy\/es\/index.php?rest_route=\/wp\/v2\/posts\/176365\/revisions"}],"wp:featuredmedia":[{"embeddable":true,"href":"https:\/\/archive.sana.sy\/es\/index.php?rest_route=\/wp\/v2\/media\/176366"}],"wp:attachment":[{"href":"https:\/\/archive.sana.sy\/es\/index.php?rest_route=%2Fwp%2Fv2%2Fmedia&parent=176365"}],"wp:term":[{"taxonomy":"category","embeddable":true,"href":"https:\/\/archive.sana.sy\/es\/index.php?rest_route=%2Fwp%2Fv2%2Fcategories&post=176365"},{"taxonomy":"post_tag","embeddable":true,"href":"https:\/\/archive.sana.sy\/es\/index.php?rest_route=%2Fwp%2Fv2%2Ftags&post=176365"}],"curies":[{"name":"wp","href":"https:\/\/api.w.org\/{rel}","templated":true}]}}