{"id":176379,"date":"2021-04-16T12:27:24","date_gmt":"2021-04-16T09:27:24","guid":{"rendered":"http:\/\/107.6.182.27\/es\/?p=176379"},"modified":"2021-04-16T22:34:48","modified_gmt":"2021-04-16T19:34:48","slug":"historia-del-tranvia-el-medio-de-transporte-que-conocio-damasco-hace-114-anos-fotos","status":"publish","type":"post","link":"https:\/\/archive.sana.sy\/es\/?p=176379","title":{"rendered":"Historia del tranv\u00eda, el medio de transporte que conoci\u00f3 Damasco hace 114 a\u00f1os (+ fotos)"},"content":{"rendered":"<p style=\"text-align: justify;\"><span style=\"color: #800000;\"><strong>Damasco, SANA<\/strong><\/span><\/p>\n<p style=\"text-align: justify;\">Si uno de nosotros camina por la calle Al-Mutanabi en la ciudad de Damasco, notar\u00e1 en la calle restos de una v\u00eda f\u00e9rrea que fue parte del tranv\u00eda de la ciudad.<\/p>\n<p style=\"text-align: justify;\">Ese medio de transporte limpio y seguro apareci\u00f3 en Damasco en el a\u00f1o 1907.<\/p>\n<p style=\"text-align: justify;\">La primera persona que pens\u00f3 establecer l\u00edneas de tranv\u00eda en Damasco fue el empresario Yosef Mutran en 1889, pero la falta de electricidad en aquel entonces impidi\u00f3 la implementaci\u00f3n del proyecto, y en 1904 se fund\u00f3 la Compa\u00f1\u00eda de Iluminaci\u00f3n El\u00e9ctrica de Damasco, y el primer edificio que se ilumin\u00f3 con electricidad fue la Mezquita Omeya el 8 de febrero de 1907.<\/p>\n<p style=\"text-align: justify;\">En ese mismo a\u00f1o, comenzaron a circular en las localidades capitalinas tres l\u00edneas de tranv\u00eda.<\/p>\n<p style=\"text-align: justify;\">Los viajes en tranv\u00eda se dividieron en primera y segunda clase, y los estudiantes pudieron viajar y pagar menos que el resto de los pasajeros.<\/p>\n<p style=\"text-align: justify;\">El tranv\u00eda de Damasco se asoci\u00f3 con muchos acontecimientos, el m\u00e1s importante de los cuales fue la huelga de los capitalinos contra la empresa belga que fue apoyada por la ocupaci\u00f3n francesa en 1932 cuando subi\u00f3 los precios de la electricidad y los viajes en tranv\u00eda.<\/p>\n<p style=\"text-align: justify;\">A mediados de los sesenta del siglo pasado, desaparecieron los tranv\u00edas, y fueron reemplazados por buses di\u00e9sel, y de esa manera se cerr\u00f3 un bonito cap\u00edtulo del llamado &#8220;tranv\u00eda el\u00e9ctrico&#8221; de la bella historia de Damasco.<\/p>\n<p><strong><span style=\"color: #0000ff;\">sm\/fm<\/span><\/strong><\/p>\n<div id='gallery-1' class='gallery galleryid-176379 gallery-columns-1 gallery-size-full'><figure class='gallery-item'>\n\t\t\t<div class='gallery-icon landscape'>\n\t\t\t\t<a href='https:\/\/archive.sana.sy\/es\/?attachment_id=176381'><img loading=\"lazy\" decoding=\"async\" width=\"660\" height=\"450\" src=\"https:\/\/archive.sana.sy\/es\/wp-content\/uploads\/2021\/04\/29-15.jpg\" class=\"attachment-full size-full\" alt=\"\" srcset=\"https:\/\/archive.sana.sy\/es\/wp-content\/uploads\/2021\/04\/29-15.jpg 660w, https:\/\/archive.sana.sy\/es\/wp-content\/uploads\/2021\/04\/29-15-300x205.jpg 300w, https:\/\/archive.sana.sy\/es\/wp-content\/uploads\/2021\/04\/29-15-150x102.jpg 150w, https:\/\/archive.sana.sy\/es\/wp-content\/uploads\/2021\/04\/29-15-110x75.jpg 110w\" sizes=\"(max-width: 660px) 100vw, 660px\" \/><\/a>\n\t\t\t<\/div><\/figure><figure class='gallery-item'>\n\t\t\t<div class='gallery-icon landscape'>\n\t\t\t\t<a href='https:\/\/archive.sana.sy\/es\/?attachment_id=176383'><img loading=\"lazy\" decoding=\"async\" width=\"660\" height=\"470\" src=\"https:\/\/archive.sana.sy\/es\/wp-content\/uploads\/2021\/04\/32-17.jpg\" class=\"attachment-full size-full\" alt=\"\" srcset=\"https:\/\/archive.sana.sy\/es\/wp-content\/uploads\/2021\/04\/32-17.jpg 660w, https:\/\/archive.sana.sy\/es\/wp-content\/uploads\/2021\/04\/32-17-300x214.jpg 300w, https:\/\/archive.sana.sy\/es\/wp-content\/uploads\/2021\/04\/32-17-150x107.jpg 150w\" sizes=\"(max-width: 660px) 100vw, 660px\" \/><\/a>\n\t\t\t<\/div><\/figure><figure class='gallery-item'>\n\t\t\t<div class='gallery-icon landscape'>\n\t\t\t\t<a href='https:\/\/archive.sana.sy\/es\/?attachment_id=176382'><img loading=\"lazy\" decoding=\"async\" width=\"660\" height=\"400\" src=\"https:\/\/archive.sana.sy\/es\/wp-content\/uploads\/2021\/04\/31-20.jpg\" class=\"attachment-full size-full\" alt=\"\" srcset=\"https:\/\/archive.sana.sy\/es\/wp-content\/uploads\/2021\/04\/31-20.jpg 660w, https:\/\/archive.sana.sy\/es\/wp-content\/uploads\/2021\/04\/31-20-300x182.jpg 300w, https:\/\/archive.sana.sy\/es\/wp-content\/uploads\/2021\/04\/31-20-150x91.jpg 150w\" sizes=\"(max-width: 660px) 100vw, 660px\" \/><\/a>\n\t\t\t<\/div><\/figure>\n\t\t<\/div>\n\n<p style=\"text-align: justify;\">\n","protected":false},"excerpt":{"rendered":"<p>Damasco, SANA Si uno de nosotros camina por la calle Al-Mutanabi en la ciudad de Damasco, notar\u00e1 en la calle restos de una v\u00eda f\u00e9rrea que fue parte del tranv\u00eda de la ciudad. Ese medio de transporte limpio y seguro apareci\u00f3 en Damasco en el a\u00f1o 1907. La primera persona que pens\u00f3 establecer l\u00edneas de &hellip;<\/p>\n","protected":false},"author":39,"featured_media":176380,"comment_status":"closed","ping_status":"closed","sticky":false,"template":"","format":"standard","meta":{"footnotes":""},"categories":[597,510,583],"tags":[18980,18979],"class_list":["post-176379","post","type-post","status-publish","format-standard","has-post-thumbnail","","category-cinta-de-noticias","category-arte-y-cultura","category-slide","tag-el-medio-de-transporte-que-conocio-damasco-hace-114-anos-fotos","tag-historia-del-tranvia"],"_links":{"self":[{"href":"https:\/\/archive.sana.sy\/es\/index.php?rest_route=\/wp\/v2\/posts\/176379"}],"collection":[{"href":"https:\/\/archive.sana.sy\/es\/index.php?rest_route=\/wp\/v2\/posts"}],"about":[{"href":"https:\/\/archive.sana.sy\/es\/index.php?rest_route=\/wp\/v2\/types\/post"}],"author":[{"embeddable":true,"href":"https:\/\/archive.sana.sy\/es\/index.php?rest_route=\/wp\/v2\/users\/39"}],"replies":[{"embeddable":true,"href":"https:\/\/archive.sana.sy\/es\/index.php?rest_route=%2Fwp%2Fv2%2Fcomments&post=176379"}],"version-history":[{"count":0,"href":"https:\/\/archive.sana.sy\/es\/index.php?rest_route=\/wp\/v2\/posts\/176379\/revisions"}],"wp:featuredmedia":[{"embeddable":true,"href":"https:\/\/archive.sana.sy\/es\/index.php?rest_route=\/wp\/v2\/media\/176380"}],"wp:attachment":[{"href":"https:\/\/archive.sana.sy\/es\/index.php?rest_route=%2Fwp%2Fv2%2Fmedia&parent=176379"}],"wp:term":[{"taxonomy":"category","embeddable":true,"href":"https:\/\/archive.sana.sy\/es\/index.php?rest_route=%2Fwp%2Fv2%2Fcategories&post=176379"},{"taxonomy":"post_tag","embeddable":true,"href":"https:\/\/archive.sana.sy\/es\/index.php?rest_route=%2Fwp%2Fv2%2Ftags&post=176379"}],"curies":[{"name":"wp","href":"https:\/\/api.w.org\/{rel}","templated":true}]}}