{"id":176386,"date":"2021-04-16T14:52:17","date_gmt":"2021-04-16T11:52:17","guid":{"rendered":"http:\/\/107.6.182.27\/es\/?p=176386"},"modified":"2023-01-12T14:41:33","modified_gmt":"2023-01-12T12:41:33","slug":"denuncian-en-libano-nuevas-violaciones-maritimas-israelies","status":"publish","type":"post","link":"https:\/\/archive.sana.sy\/es\/?p=176386","title":{"rendered":"Denuncian en L\u00edbano nuevas violaciones mar\u00edtimas israel\u00edes"},"content":{"rendered":"<p><span style=\"color: #800000;\">Beirut, SANA<\/span><\/p>\n<p style=\"text-align: justify;\">El enemigo israel\u00ed protagoniz\u00f3 nuevas violaciones dentro de aguas territoriales libanesas en las \u00faltimas horas, seg\u00fan denuncias emitidas este viernes por el Ej\u00e9rcito liban\u00e9s.<\/p>\n<p style=\"text-align: justify;\">Por medio de un comunicado, el Comando del Ej\u00e9rcito Liban\u00e9s se explic\u00f3 que dos barcos militares enemigos ingresaron ilegalmente en las aguas territoriales libanesas frente a las costas libanesas de Ras al-Naqoura, donde dispararon varias r\u00e1fagas.<\/p>\n<p style=\"text-align: justify;\">La declaraci\u00f3n indic\u00f3 que se est\u00e1 dando seguimiento al tema de esas violaciones con la Fuerza Provisional de las Naciones Unidas en el L\u00edbano.<\/p>\n<p><em>mm<\/em><\/p>\n","protected":false},"excerpt":{"rendered":"<p>Beirut, SANA El enemigo israel\u00ed protagoniz\u00f3 nuevas violaciones dentro de aguas territoriales libanesas en las \u00faltimas horas, seg\u00fan denuncias emitidas este viernes por el Ej\u00e9rcito liban\u00e9s. Por medio de un comunicado, el Comando del Ej\u00e9rcito Liban\u00e9s se explic\u00f3 que dos barcos militares enemigos ingresaron ilegalmente en las aguas territoriales libanesas frente a las costas libanesas &hellip;<\/p>\n","protected":false},"author":36,"featured_media":176387,"comment_status":"closed","ping_status":"closed","sticky":false,"template":"","format":"standard","meta":{"footnotes":""},"categories":[597,456,457],"tags":[],"class_list":["post-176386","post","type-post","status-publish","format-standard","has-post-thumbnail","","category-cinta-de-noticias","category-arabe-internacional-politica","category-noticias-arabe-internacional-politica"],"_links":{"self":[{"href":"https:\/\/archive.sana.sy\/es\/index.php?rest_route=\/wp\/v2\/posts\/176386"}],"collection":[{"href":"https:\/\/archive.sana.sy\/es\/index.php?rest_route=\/wp\/v2\/posts"}],"about":[{"href":"https:\/\/archive.sana.sy\/es\/index.php?rest_route=\/wp\/v2\/types\/post"}],"author":[{"embeddable":true,"href":"https:\/\/archive.sana.sy\/es\/index.php?rest_route=\/wp\/v2\/users\/36"}],"replies":[{"embeddable":true,"href":"https:\/\/archive.sana.sy\/es\/index.php?rest_route=%2Fwp%2Fv2%2Fcomments&post=176386"}],"version-history":[{"count":0,"href":"https:\/\/archive.sana.sy\/es\/index.php?rest_route=\/wp\/v2\/posts\/176386\/revisions"}],"wp:featuredmedia":[{"embeddable":true,"href":"https:\/\/archive.sana.sy\/es\/index.php?rest_route=\/wp\/v2\/media\/176387"}],"wp:attachment":[{"href":"https:\/\/archive.sana.sy\/es\/index.php?rest_route=%2Fwp%2Fv2%2Fmedia&parent=176386"}],"wp:term":[{"taxonomy":"category","embeddable":true,"href":"https:\/\/archive.sana.sy\/es\/index.php?rest_route=%2Fwp%2Fv2%2Fcategories&post=176386"},{"taxonomy":"post_tag","embeddable":true,"href":"https:\/\/archive.sana.sy\/es\/index.php?rest_route=%2Fwp%2Fv2%2Ftags&post=176386"}],"curies":[{"name":"wp","href":"https:\/\/api.w.org\/{rel}","templated":true}]}}