{"id":176409,"date":"2021-04-16T16:01:19","date_gmt":"2021-04-16T13:01:19","guid":{"rendered":"http:\/\/107.6.182.27\/es\/?p=176409"},"modified":"2023-01-09T14:05:44","modified_gmt":"2023-01-09T12:05:44","slug":"lamentable-accidente-cobro-la-viuda-de-10-personas-en-alepo","status":"publish","type":"post","link":"https:\/\/archive.sana.sy\/es\/?p=176409","title":{"rendered":"Lamentable accidente cobr\u00f3 la vida de 10 personas en Alepo"},"content":{"rendered":"<p style=\"text-align: justify;\"><strong><span style=\"color: #800000;\">Damasco, SANA<\/span><\/strong><\/p>\n<p style=\"text-align: justify;\">Un accidente de un autom\u00f3vil en la provincia de Alepo cobr\u00f3 la vida de tres mujeres y siete ni\u00f1os.<\/p>\n<p style=\"text-align: justify;\">El Ministerio del Interior inform\u00f3 que, a la 01:00 am hora local de este viernes, ocurri\u00f3 un tr\u00e1gico accidente en la localidad de Khafsa en la provincia de Alepo, cuando un coche se volc\u00f3 y cay\u00f3 en un canal de agua.<\/p>\n<p style=\"text-align: justify;\">Atribuy\u00f3 la causa del accidente a la velocidad excesiva, e indic\u00f3 que los cad\u00e1veres fueron sacados, y las investigaciones a\u00fan est\u00e1n en curso para conocer las circunstancias del lamentable suceso.<\/p>\n<p style=\"text-align: justify;\"><strong><span style=\"color: #0000ff;\">sm\/fm<\/span><\/strong><\/p>\n","protected":false},"excerpt":{"rendered":"<p>Damasco, SANA Un accidente de un autom\u00f3vil en la provincia de Alepo cobr\u00f3 la vida de tres mujeres y siete ni\u00f1os. El Ministerio del Interior inform\u00f3 que, a la 01:00 am hora local de este viernes, ocurri\u00f3 un tr\u00e1gico accidente en la localidad de Khafsa en la provincia de Alepo, cuando un coche se volc\u00f3 &hellip;<\/p>\n","protected":false},"author":39,"featured_media":176410,"comment_status":"closed","ping_status":"closed","sticky":false,"template":"","format":"standard","meta":{"footnotes":""},"categories":[597,476],"tags":[],"class_list":["post-176409","post","type-post","status-publish","format-standard","has-post-thumbnail","","category-cinta-de-noticias","category-locales"],"_links":{"self":[{"href":"https:\/\/archive.sana.sy\/es\/index.php?rest_route=\/wp\/v2\/posts\/176409"}],"collection":[{"href":"https:\/\/archive.sana.sy\/es\/index.php?rest_route=\/wp\/v2\/posts"}],"about":[{"href":"https:\/\/archive.sana.sy\/es\/index.php?rest_route=\/wp\/v2\/types\/post"}],"author":[{"embeddable":true,"href":"https:\/\/archive.sana.sy\/es\/index.php?rest_route=\/wp\/v2\/users\/39"}],"replies":[{"embeddable":true,"href":"https:\/\/archive.sana.sy\/es\/index.php?rest_route=%2Fwp%2Fv2%2Fcomments&post=176409"}],"version-history":[{"count":0,"href":"https:\/\/archive.sana.sy\/es\/index.php?rest_route=\/wp\/v2\/posts\/176409\/revisions"}],"wp:featuredmedia":[{"embeddable":true,"href":"https:\/\/archive.sana.sy\/es\/index.php?rest_route=\/wp\/v2\/media\/176410"}],"wp:attachment":[{"href":"https:\/\/archive.sana.sy\/es\/index.php?rest_route=%2Fwp%2Fv2%2Fmedia&parent=176409"}],"wp:term":[{"taxonomy":"category","embeddable":true,"href":"https:\/\/archive.sana.sy\/es\/index.php?rest_route=%2Fwp%2Fv2%2Fcategories&post=176409"},{"taxonomy":"post_tag","embeddable":true,"href":"https:\/\/archive.sana.sy\/es\/index.php?rest_route=%2Fwp%2Fv2%2Ftags&post=176409"}],"curies":[{"name":"wp","href":"https:\/\/api.w.org\/{rel}","templated":true}]}}