{"id":176451,"date":"2021-04-16T18:55:30","date_gmt":"2021-04-16T15:55:30","guid":{"rendered":"http:\/\/107.6.182.27\/es\/?p=176451"},"modified":"2021-04-16T20:14:45","modified_gmt":"2021-04-16T17:14:45","slug":"vuelve-a-subir-cifra-diaria-de-contagios-por-covid-19-y-los-cuidados-intensivos-estan-ocupados-casi-100","status":"publish","type":"post","link":"https:\/\/archive.sana.sy\/es\/?p=176451","title":{"rendered":"Vuelve a subir cifra diaria de contagios por Covid-19 y los cuidados intensivos est\u00e1n ocupados casi 100%"},"content":{"rendered":"<p><span style=\"color: #800000;\">Damasco, SANA<\/span><\/p>\n<p style=\"text-align: justify;\">Tras un periodo de estabilizaci\u00f3n en el n\u00famero diario de infectados por el nuevo Coronavirus, el Ministerio de Salud registr\u00f3 durante los \u00faltimos dos d\u00edas un incremento en el n\u00famero de casos confirmados.<\/p>\n<p style=\"text-align: justify;\">El Director de Emergencias del Ministerio de Salud, Tawfiq Hasaba, comunic\u00f3 a SANA, que desde principios del mes en curso, el n\u00famero de contagiados con Covid-19 se mantuvo estable pero en los \u00faltimos dos d\u00edas hubo notable incremento, lo cual significa que todav\u00eda no estamos a salvo de las amenazas de esta enfermedad.<\/p>\n<p style=\"text-align: justify;\">Seg\u00fan el Director, la mayor\u00eda de nuevos casos fueron confirmados en las provincias de Latakia, Homs, Alepo y Sweida.<\/p>\n<p style=\"text-align: justify;\">\u201cEl porcentaje de ocupaci\u00f3n en las unidades de cuidados intensivos oscila entre el 98% y el 100% por ciento, sin embargo, no hubo necesidad de trasladar a ning\u00fan paciente fuera de su provincia, ya que los servicios m\u00e9dicos y ox\u00edgeno cubran las necesidades\u201d, detall\u00f3.<\/p>\n<p><span style=\"color: #0000ff;\">rr\/fm<\/span><\/p>\n","protected":false},"excerpt":{"rendered":"<p>Damasco, SANA Tras un periodo de estabilizaci\u00f3n en el n\u00famero diario de infectados por el nuevo Coronavirus, el Ministerio de Salud registr\u00f3 durante los \u00faltimos dos d\u00edas un incremento en el n\u00famero de casos confirmados. El Director de Emergencias del Ministerio de Salud, Tawfiq Hasaba, comunic\u00f3 a SANA, que desde principios del mes en curso, &hellip;<\/p>\n","protected":false},"author":31,"featured_media":176452,"comment_status":"closed","ping_status":"closed","sticky":false,"template":"","format":"standard","meta":{"footnotes":""},"categories":[597,476,7541],"tags":[],"class_list":["post-176451","post","type-post","status-publish","format-standard","has-post-thumbnail","","category-cinta-de-noticias","category-locales","category-ultimas-noticias"],"_links":{"self":[{"href":"https:\/\/archive.sana.sy\/es\/index.php?rest_route=\/wp\/v2\/posts\/176451"}],"collection":[{"href":"https:\/\/archive.sana.sy\/es\/index.php?rest_route=\/wp\/v2\/posts"}],"about":[{"href":"https:\/\/archive.sana.sy\/es\/index.php?rest_route=\/wp\/v2\/types\/post"}],"author":[{"embeddable":true,"href":"https:\/\/archive.sana.sy\/es\/index.php?rest_route=\/wp\/v2\/users\/31"}],"replies":[{"embeddable":true,"href":"https:\/\/archive.sana.sy\/es\/index.php?rest_route=%2Fwp%2Fv2%2Fcomments&post=176451"}],"version-history":[{"count":0,"href":"https:\/\/archive.sana.sy\/es\/index.php?rest_route=\/wp\/v2\/posts\/176451\/revisions"}],"wp:featuredmedia":[{"embeddable":true,"href":"https:\/\/archive.sana.sy\/es\/index.php?rest_route=\/wp\/v2\/media\/176452"}],"wp:attachment":[{"href":"https:\/\/archive.sana.sy\/es\/index.php?rest_route=%2Fwp%2Fv2%2Fmedia&parent=176451"}],"wp:term":[{"taxonomy":"category","embeddable":true,"href":"https:\/\/archive.sana.sy\/es\/index.php?rest_route=%2Fwp%2Fv2%2Fcategories&post=176451"},{"taxonomy":"post_tag","embeddable":true,"href":"https:\/\/archive.sana.sy\/es\/index.php?rest_route=%2Fwp%2Fv2%2Ftags&post=176451"}],"curies":[{"name":"wp","href":"https:\/\/api.w.org\/{rel}","templated":true}]}}