{"id":176495,"date":"2021-04-17T16:05:22","date_gmt":"2021-04-17T13:05:22","guid":{"rendered":"http:\/\/107.6.182.27\/es\/?p=176495"},"modified":"2021-04-17T16:19:41","modified_gmt":"2021-04-17T13:19:41","slug":"vecinos-del-golan-sirio-ocupado-celebran-el-75o-aniversario-de-la-independencia-de-siria","status":"publish","type":"post","link":"https:\/\/archive.sana.sy\/es\/?p=176495","title":{"rendered":"Vecinos del Gol\u00e1n sirio ocupado celebran el 75\u00ba aniversario de la Independencia de Siria"},"content":{"rendered":"<p style=\"text-align: justify;\"><span style=\"color: #800000;\"><strong>Gol\u00e1n ocupado, SANA<\/strong><\/span><\/p>\n<p style=\"text-align: justify;\">Los lugare\u00f1os del Gol\u00e1n sirio ocupado celebraron el 75\u00ba aniversario de la evacuaci\u00f3n del colonialista franc\u00e9s de Siria.<\/p>\n<p style=\"text-align: justify;\">El acto tuvo lugar en la plaza del guerrero sirio Sult\u00e1n Basha al-Atrash en el poblado de Majdal Shams con la participaci\u00f3n de delegaciones populares de las aldeas golaneses de Masada, Ain Qanya y de los territorios palestinos ocupados en 1948.<\/p>\n<p style=\"text-align: justify;\">Los participantes en la ceremonia portaban banderas y pancartas ensalzando el aniversario de la salida del colonizador franc\u00e9s, as\u00ed como im\u00e1genes de los l\u00edderes de la revoluci\u00f3n siria contra la ocupaci\u00f3n francesa y fotos del presidente Bashar al-Assad.<\/p>\n<p style=\"text-align: justify;\">Los manifestantes corearon consignas apoyando al Ej\u00e9rcito \u00c1rabe Sirio en su lucha contra el terrorismo y afirmando el compromiso de la poblaci\u00f3n del Gol\u00e1n sirio ocupado con su patria y con su continua resistencia hasta la liberaci\u00f3n y la expulsi\u00f3n del ocupante israel\u00ed.<\/p>\n<p style=\"text-align: justify;\">&#8220;El Gol\u00e1n siempre fue \u00e1rabe sirio, y contin\u00faa su resistencia a la ocupaci\u00f3n, por tanto seguimos el camino trazado por padres y abuelos que lograron la independencia&#8221;, destacaron los participantes.<\/p>\n<p style=\"text-align: justify;\">En su discurso en nombre de los compatriotas de la Palestina ocupada, el prisionero liberado Mohammed Kinani subray\u00f3 que hoy coincide con el D\u00eda del Prisionero Palestino poniendo de manifiesto el destino com\u00fan entre los hijos del Gol\u00e1n y de Palestina, que se enfrentan al mismo enemigo y luchan por la liberaci\u00f3n completa de la tierra y la voluntad.<\/p>\n<p style=\"text-align: justify;\">Los participantes en el acto ratificaron su apego a la patria Siria con la que comparten sus alegr\u00edas y penas, y por la que hab\u00edan brindado convoyes de m\u00e1rtires.<\/p>\n<p style=\"text-align: justify;\">Reiteraron la firmeza de Siria ante la b\u00e1rbara agresi\u00f3n librada en su contra en paralelo con el terrorismo econ\u00f3mico y el bloqueo inhumano impuesto por Estados Unidos y sus aliados.<\/p>\n<p style=\"text-align: justify;\"><span style=\"color: #0000ff;\"><strong>ah\/rsh<\/strong><\/span><\/p>\n<p><iframe loading=\"lazy\" title=\"\u0623\u0647\u0627\u0644\u064a \u0627\u0644\u062c\u0648\u0644\u0627\u0646 \u0627\u0644\u0639\u0631\u0628\u064a \u0627\u0644\u0633\u0648\u0631\u064a \u0627\u0644\u0645\u062d\u062a\u0644 \u064a\u062d\u064a\u0648\u0646 \u0627\u0644\u0630\u0643\u0631\u0649 \u0627\u0644\u0640 75 \u0644\u0639\u064a\u062f \u0627\u0644\u062c\u0644\u0627\u0621\" width=\"618\" height=\"348\" src=\"https:\/\/www.youtube.com\/embed\/lr5l52m9fLQ?feature=oembed\" frameborder=\"0\" allow=\"accelerometer; autoplay; clipboard-write; encrypted-media; gyroscope; picture-in-picture; web-share\" referrerpolicy=\"strict-origin-when-cross-origin\" allowfullscreen><\/iframe><\/p>\n<div id='gallery-1' class='gallery galleryid-176495 gallery-columns-1 gallery-size-full'><figure class='gallery-item'>\n\t\t\t<div class='gallery-icon landscape'>\n\t\t\t\t<a href='https:\/\/archive.sana.sy\/es\/wp-content\/uploads\/2021\/04\/photo_2021-04-17_10-45-15-scaled.jpg'><img loading=\"lazy\" decoding=\"async\" width=\"2560\" height=\"1586\" src=\"https:\/\/archive.sana.sy\/es\/wp-content\/uploads\/2021\/04\/photo_2021-04-17_10-45-15-scaled.jpg\" class=\"attachment-full size-full\" alt=\"\" srcset=\"https:\/\/archive.sana.sy\/es\/wp-content\/uploads\/2021\/04\/photo_2021-04-17_10-45-15-scaled.jpg 2560w, https:\/\/archive.sana.sy\/es\/wp-content\/uploads\/2021\/04\/photo_2021-04-17_10-45-15-300x186.jpg 300w, https:\/\/archive.sana.sy\/es\/wp-content\/uploads\/2021\/04\/photo_2021-04-17_10-45-15-1024x634.jpg 1024w, https:\/\/archive.sana.sy\/es\/wp-content\/uploads\/2021\/04\/photo_2021-04-17_10-45-15-150x93.jpg 150w, https:\/\/archive.sana.sy\/es\/wp-content\/uploads\/2021\/04\/photo_2021-04-17_10-45-15-768x476.jpg 768w, https:\/\/archive.sana.sy\/es\/wp-content\/uploads\/2021\/04\/photo_2021-04-17_10-45-15-1536x952.jpg 1536w, https:\/\/archive.sana.sy\/es\/wp-content\/uploads\/2021\/04\/photo_2021-04-17_10-45-15-2048x1269.jpg 2048w\" sizes=\"(max-width: 2560px) 100vw, 2560px\" \/><\/a>\n\t\t\t<\/div><\/figure><figure class='gallery-item'>\n\t\t\t<div class='gallery-icon landscape'>\n\t\t\t\t<a href='https:\/\/archive.sana.sy\/es\/wp-content\/uploads\/2021\/04\/photo_2021-04-17_10-45-54-scaled.jpg'><img loading=\"lazy\" decoding=\"async\" width=\"2560\" height=\"1686\" src=\"https:\/\/archive.sana.sy\/es\/wp-content\/uploads\/2021\/04\/photo_2021-04-17_10-45-54-scaled.jpg\" class=\"attachment-full size-full\" alt=\"\" srcset=\"https:\/\/archive.sana.sy\/es\/wp-content\/uploads\/2021\/04\/photo_2021-04-17_10-45-54-scaled.jpg 2560w, https:\/\/archive.sana.sy\/es\/wp-content\/uploads\/2021\/04\/photo_2021-04-17_10-45-54-300x198.jpg 300w, https:\/\/archive.sana.sy\/es\/wp-content\/uploads\/2021\/04\/photo_2021-04-17_10-45-54-1024x674.jpg 1024w, https:\/\/archive.sana.sy\/es\/wp-content\/uploads\/2021\/04\/photo_2021-04-17_10-45-54-150x99.jpg 150w, https:\/\/archive.sana.sy\/es\/wp-content\/uploads\/2021\/04\/photo_2021-04-17_10-45-54-768x506.jpg 768w, https:\/\/archive.sana.sy\/es\/wp-content\/uploads\/2021\/04\/photo_2021-04-17_10-45-54-1536x1011.jpg 1536w, https:\/\/archive.sana.sy\/es\/wp-content\/uploads\/2021\/04\/photo_2021-04-17_10-45-54-2048x1349.jpg 2048w, https:\/\/archive.sana.sy\/es\/wp-content\/uploads\/2021\/04\/photo_2021-04-17_10-45-54-310x205.jpg 310w\" sizes=\"(max-width: 2560px) 100vw, 2560px\" \/><\/a>\n\t\t\t<\/div><\/figure><figure class='gallery-item'>\n\t\t\t<div class='gallery-icon landscape'>\n\t\t\t\t<a href='https:\/\/archive.sana.sy\/es\/wp-content\/uploads\/2021\/04\/photo_2021-04-17_10-46-24-scaled.jpg'><img loading=\"lazy\" decoding=\"async\" width=\"2560\" height=\"1518\" src=\"https:\/\/archive.sana.sy\/es\/wp-content\/uploads\/2021\/04\/photo_2021-04-17_10-46-24-scaled.jpg\" class=\"attachment-full size-full\" alt=\"\" srcset=\"https:\/\/archive.sana.sy\/es\/wp-content\/uploads\/2021\/04\/photo_2021-04-17_10-46-24-scaled.jpg 2560w, https:\/\/archive.sana.sy\/es\/wp-content\/uploads\/2021\/04\/photo_2021-04-17_10-46-24-300x178.jpg 300w, https:\/\/archive.sana.sy\/es\/wp-content\/uploads\/2021\/04\/photo_2021-04-17_10-46-24-1024x607.jpg 1024w, https:\/\/archive.sana.sy\/es\/wp-content\/uploads\/2021\/04\/photo_2021-04-17_10-46-24-150x89.jpg 150w, https:\/\/archive.sana.sy\/es\/wp-content\/uploads\/2021\/04\/photo_2021-04-17_10-46-24-768x455.jpg 768w, https:\/\/archive.sana.sy\/es\/wp-content\/uploads\/2021\/04\/photo_2021-04-17_10-46-24-1536x911.jpg 1536w, https:\/\/archive.sana.sy\/es\/wp-content\/uploads\/2021\/04\/photo_2021-04-17_10-46-24-2048x1214.jpg 2048w\" sizes=\"(max-width: 2560px) 100vw, 2560px\" \/><\/a>\n\t\t\t<\/div><\/figure><figure class='gallery-item'>\n\t\t\t<div class='gallery-icon landscape'>\n\t\t\t\t<a href='https:\/\/archive.sana.sy\/es\/wp-content\/uploads\/2021\/04\/photo_2021-04-17_10-48-17-scaled.jpg'><img loading=\"lazy\" decoding=\"async\" width=\"2560\" height=\"1746\" src=\"https:\/\/archive.sana.sy\/es\/wp-content\/uploads\/2021\/04\/photo_2021-04-17_10-48-17-scaled.jpg\" class=\"attachment-full size-full\" alt=\"\" srcset=\"https:\/\/archive.sana.sy\/es\/wp-content\/uploads\/2021\/04\/photo_2021-04-17_10-48-17-scaled.jpg 2560w, https:\/\/archive.sana.sy\/es\/wp-content\/uploads\/2021\/04\/photo_2021-04-17_10-48-17-300x205.jpg 300w, https:\/\/archive.sana.sy\/es\/wp-content\/uploads\/2021\/04\/photo_2021-04-17_10-48-17-1024x699.jpg 1024w, https:\/\/archive.sana.sy\/es\/wp-content\/uploads\/2021\/04\/photo_2021-04-17_10-48-17-150x102.jpg 150w, https:\/\/archive.sana.sy\/es\/wp-content\/uploads\/2021\/04\/photo_2021-04-17_10-48-17-768x524.jpg 768w, https:\/\/archive.sana.sy\/es\/wp-content\/uploads\/2021\/04\/photo_2021-04-17_10-48-17-1536x1048.jpg 1536w, https:\/\/archive.sana.sy\/es\/wp-content\/uploads\/2021\/04\/photo_2021-04-17_10-48-17-2048x1397.jpg 2048w, https:\/\/archive.sana.sy\/es\/wp-content\/uploads\/2021\/04\/photo_2021-04-17_10-48-17-110x75.jpg 110w\" sizes=\"(max-width: 2560px) 100vw, 2560px\" \/><\/a>\n\t\t\t<\/div><\/figure><figure class='gallery-item'>\n\t\t\t<div class='gallery-icon landscape'>\n\t\t\t\t<a href='https:\/\/archive.sana.sy\/es\/wp-content\/uploads\/2021\/04\/photo_2021-04-17_12-00-11-scaled.jpg'><img loading=\"lazy\" decoding=\"async\" width=\"2560\" height=\"1768\" src=\"https:\/\/archive.sana.sy\/es\/wp-content\/uploads\/2021\/04\/photo_2021-04-17_12-00-11-scaled.jpg\" class=\"attachment-full size-full\" alt=\"\" srcset=\"https:\/\/archive.sana.sy\/es\/wp-content\/uploads\/2021\/04\/photo_2021-04-17_12-00-11-scaled.jpg 2560w, https:\/\/archive.sana.sy\/es\/wp-content\/uploads\/2021\/04\/photo_2021-04-17_12-00-11-300x207.jpg 300w, https:\/\/archive.sana.sy\/es\/wp-content\/uploads\/2021\/04\/photo_2021-04-17_12-00-11-1024x707.jpg 1024w, https:\/\/archive.sana.sy\/es\/wp-content\/uploads\/2021\/04\/photo_2021-04-17_12-00-11-150x104.jpg 150w, https:\/\/archive.sana.sy\/es\/wp-content\/uploads\/2021\/04\/photo_2021-04-17_12-00-11-768x530.jpg 768w, https:\/\/archive.sana.sy\/es\/wp-content\/uploads\/2021\/04\/photo_2021-04-17_12-00-11-1536x1061.jpg 1536w, https:\/\/archive.sana.sy\/es\/wp-content\/uploads\/2021\/04\/photo_2021-04-17_12-00-11-2048x1414.jpg 2048w, https:\/\/archive.sana.sy\/es\/wp-content\/uploads\/2021\/04\/photo_2021-04-17_12-00-11-110x75.jpg 110w\" sizes=\"(max-width: 2560px) 100vw, 2560px\" \/><\/a>\n\t\t\t<\/div><\/figure><figure class='gallery-item'>\n\t\t\t<div class='gallery-icon landscape'>\n\t\t\t\t<a href='https:\/\/archive.sana.sy\/es\/wp-content\/uploads\/2021\/04\/golan-15.jpg'><img loading=\"lazy\" decoding=\"async\" width=\"660\" height=\"449\" src=\"https:\/\/archive.sana.sy\/es\/wp-content\/uploads\/2021\/04\/golan-15.jpg\" class=\"attachment-full size-full\" alt=\"\" srcset=\"https:\/\/archive.sana.sy\/es\/wp-content\/uploads\/2021\/04\/golan-15.jpg 660w, https:\/\/archive.sana.sy\/es\/wp-content\/uploads\/2021\/04\/golan-15-300x204.jpg 300w, https:\/\/archive.sana.sy\/es\/wp-content\/uploads\/2021\/04\/golan-15-150x102.jpg 150w, https:\/\/archive.sana.sy\/es\/wp-content\/uploads\/2021\/04\/golan-15-110x75.jpg 110w\" sizes=\"(max-width: 660px) 100vw, 660px\" \/><\/a>\n\t\t\t<\/div><\/figure><figure class='gallery-item'>\n\t\t\t<div class='gallery-icon landscape'>\n\t\t\t\t<a href='https:\/\/archive.sana.sy\/es\/wp-content\/uploads\/2021\/04\/golan16.jpg'><img loading=\"lazy\" decoding=\"async\" width=\"660\" height=\"406\" src=\"https:\/\/archive.sana.sy\/es\/wp-content\/uploads\/2021\/04\/golan16.jpg\" class=\"attachment-full size-full\" alt=\"\" srcset=\"https:\/\/archive.sana.sy\/es\/wp-content\/uploads\/2021\/04\/golan16.jpg 660w, https:\/\/archive.sana.sy\/es\/wp-content\/uploads\/2021\/04\/golan16-300x185.jpg 300w, https:\/\/archive.sana.sy\/es\/wp-content\/uploads\/2021\/04\/golan16-150x92.jpg 150w\" sizes=\"(max-width: 660px) 100vw, 660px\" \/><\/a>\n\t\t\t<\/div><\/figure>\n\t\t<\/div>\n\n","protected":false},"excerpt":{"rendered":"<p>Gol\u00e1n ocupado, SANA Los lugare\u00f1os del Gol\u00e1n sirio ocupado celebraron el 75\u00ba aniversario de la evacuaci\u00f3n del colonialista franc\u00e9s de Siria. El acto tuvo lugar en la plaza del guerrero sirio Sult\u00e1n Basha al-Atrash en el poblado de Majdal Shams con la participaci\u00f3n de delegaciones populares de las aldeas golaneses de Masada, Ain Qanya y &hellip;<\/p>\n","protected":false},"author":30,"featured_media":176496,"comment_status":"closed","ping_status":"closed","sticky":false,"template":"","format":"standard","meta":{"footnotes":""},"categories":[597,476,7541],"tags":[18986],"class_list":["post-176495","post","type-post","status-publish","format-standard","has-post-thumbnail","","category-cinta-de-noticias","category-locales","category-ultimas-noticias","tag-vecinos-del-golan-sirio-ocupado-celebran-el-75o-aniversario-de-la-independencia-de-siria"],"_links":{"self":[{"href":"https:\/\/archive.sana.sy\/es\/index.php?rest_route=\/wp\/v2\/posts\/176495"}],"collection":[{"href":"https:\/\/archive.sana.sy\/es\/index.php?rest_route=\/wp\/v2\/posts"}],"about":[{"href":"https:\/\/archive.sana.sy\/es\/index.php?rest_route=\/wp\/v2\/types\/post"}],"author":[{"embeddable":true,"href":"https:\/\/archive.sana.sy\/es\/index.php?rest_route=\/wp\/v2\/users\/30"}],"replies":[{"embeddable":true,"href":"https:\/\/archive.sana.sy\/es\/index.php?rest_route=%2Fwp%2Fv2%2Fcomments&post=176495"}],"version-history":[{"count":0,"href":"https:\/\/archive.sana.sy\/es\/index.php?rest_route=\/wp\/v2\/posts\/176495\/revisions"}],"wp:featuredmedia":[{"embeddable":true,"href":"https:\/\/archive.sana.sy\/es\/index.php?rest_route=\/wp\/v2\/media\/176496"}],"wp:attachment":[{"href":"https:\/\/archive.sana.sy\/es\/index.php?rest_route=%2Fwp%2Fv2%2Fmedia&parent=176495"}],"wp:term":[{"taxonomy":"category","embeddable":true,"href":"https:\/\/archive.sana.sy\/es\/index.php?rest_route=%2Fwp%2Fv2%2Fcategories&post=176495"},{"taxonomy":"post_tag","embeddable":true,"href":"https:\/\/archive.sana.sy\/es\/index.php?rest_route=%2Fwp%2Fv2%2Ftags&post=176495"}],"curies":[{"name":"wp","href":"https:\/\/api.w.org\/{rel}","templated":true}]}}