{"id":176518,"date":"2021-04-17T15:17:53","date_gmt":"2021-04-17T12:17:53","guid":{"rendered":"http:\/\/107.6.182.27\/es\/?p=176518"},"modified":"2021-04-17T15:17:53","modified_gmt":"2021-04-17T12:17:53","slug":"el-aniversario-de-la-independencia-fruto-de-los-valores-de-lucha","status":"publish","type":"post","link":"https:\/\/archive.sana.sy\/es\/?p=176518","title":{"rendered":"El aniversario de la independencia, fruto de los valores de lucha"},"content":{"rendered":"<p style=\"text-align: justify;\"><span style=\"color: #800000;\"><strong>Damasco, SANA<\/strong><\/span><\/p>\n<p style=\"text-align: justify;\">Los sirios celebran el 75\u00ba aniversario de la salida del \u00faltimo soldado franc\u00e9s del territorio nacional cosechando los frutos de los valores de lucha heredados al triunfar sobre las fuerzas del neocolonialismo y sus herramientas. Esto constituye una prolongaci\u00f3n de las batallas heroicas lideradas por Youssef al-Azmah, Ibrahim Hanano, Saleh Alali y Sult\u00e1n Basha al-Atrash, entre otros pr\u00f3ceres que defendieron la dignidad, soberan\u00eda e independencia de Siria.<\/p>\n<p style=\"text-align: justify;\">Hablando de los valores de lucha, el parlamentario Nidal Mehanna dijo que la conmemoraci\u00f3n del 75\u00ba aniversario de la independencia confirma que &#8220;los sacrificios de padres y abuelos es un accionar continuo en que los sirios reafirman su rechazo a la humillaci\u00f3n y la sumisi\u00f3n adhiri\u00e9ndose a los valores de dignidad, libertad e independencia que obligaron al ocupante franc\u00e9s a marcharse&#8221;.<\/p>\n<p style=\"text-align: justify;\">Mehanna describe el aniversario de la independencia como &#8220;una escuela que inspira lecciones de c\u00f3mo resistir a las fuerzas de ocupaci\u00f3n, pues los revolucionarios comenzaron una fuerte resistencia en la costa y el norte, luego se produjo la batalla de Maysal\u00fan y mas tarde se desat\u00f3 la Gran Revoluci\u00f3n Siria extendi\u00e9ndose a todo el suelo nacional&#8221;.<\/p>\n<p style=\"text-align: justify;\">Por su parte el general retirado y experto militar, Saeed Ahmed dijo que la independencia es el saldo de luchas y grandes sacrificios hechos por veteranos que no escatimaron sacrificio frente al colonialismo turco y luego el franc\u00e9s\u2026&#8221; que finalmente fueron vencidos.<\/p>\n<p style=\"text-align: justify;\"><span style=\"color: #0000ff;\"><strong>rsh\/ah<\/strong><\/span><\/p>\n","protected":false},"excerpt":{"rendered":"<p>Damasco, SANA Los sirios celebran el 75\u00ba aniversario de la salida del \u00faltimo soldado franc\u00e9s del territorio nacional cosechando los frutos de los valores de lucha heredados al triunfar sobre las fuerzas del neocolonialismo y sus herramientas. Esto constituye una prolongaci\u00f3n de las batallas heroicas lideradas por Youssef al-Azmah, Ibrahim Hanano, Saleh Alali y Sult\u00e1n &hellip;<\/p>\n","protected":false},"author":30,"featured_media":176519,"comment_status":"closed","ping_status":"closed","sticky":false,"template":"","format":"standard","meta":{"footnotes":""},"categories":[597,476,7541],"tags":[18991,18992],"class_list":["post-176518","post","type-post","status-publish","format-standard","has-post-thumbnail","","category-cinta-de-noticias","category-locales","category-ultimas-noticias","tag-el-aniversario-de-la-independencia","tag-fruto-de-los-valores-de-lucha"],"_links":{"self":[{"href":"https:\/\/archive.sana.sy\/es\/index.php?rest_route=\/wp\/v2\/posts\/176518"}],"collection":[{"href":"https:\/\/archive.sana.sy\/es\/index.php?rest_route=\/wp\/v2\/posts"}],"about":[{"href":"https:\/\/archive.sana.sy\/es\/index.php?rest_route=\/wp\/v2\/types\/post"}],"author":[{"embeddable":true,"href":"https:\/\/archive.sana.sy\/es\/index.php?rest_route=\/wp\/v2\/users\/30"}],"replies":[{"embeddable":true,"href":"https:\/\/archive.sana.sy\/es\/index.php?rest_route=%2Fwp%2Fv2%2Fcomments&post=176518"}],"version-history":[{"count":0,"href":"https:\/\/archive.sana.sy\/es\/index.php?rest_route=\/wp\/v2\/posts\/176518\/revisions"}],"wp:featuredmedia":[{"embeddable":true,"href":"https:\/\/archive.sana.sy\/es\/index.php?rest_route=\/wp\/v2\/media\/176519"}],"wp:attachment":[{"href":"https:\/\/archive.sana.sy\/es\/index.php?rest_route=%2Fwp%2Fv2%2Fmedia&parent=176518"}],"wp:term":[{"taxonomy":"category","embeddable":true,"href":"https:\/\/archive.sana.sy\/es\/index.php?rest_route=%2Fwp%2Fv2%2Fcategories&post=176518"},{"taxonomy":"post_tag","embeddable":true,"href":"https:\/\/archive.sana.sy\/es\/index.php?rest_route=%2Fwp%2Fv2%2Ftags&post=176518"}],"curies":[{"name":"wp","href":"https:\/\/api.w.org\/{rel}","templated":true}]}}