{"id":176555,"date":"2021-04-18T12:42:34","date_gmt":"2021-04-18T09:42:34","guid":{"rendered":"http:\/\/107.6.182.27\/es\/?p=176555"},"modified":"2021-04-18T12:42:34","modified_gmt":"2021-04-18T09:42:34","slug":"presidente-de-la-asamblea-del-pueblo-anuncia-que-a-partir-del-lunes-19-de-abril-las-personas-pueden-postularse-a-las-elecciones-presenciales-y-pueden-presentar-sus-solicitudes-de-candidatura-al-trib","status":"publish","type":"post","link":"https:\/\/archive.sana.sy\/es\/?p=176555","title":{"rendered":"Presidente de la Asamblea del Pueblo anuncia que a partir del lunes, 19 de abril, las personas pueden postularse a las elecciones presenciales y pueden presentar sus solicitudes de candidatura al Tribunal Constitucional Supremo en un plazo de 10 d\u00edas que finaliza al finalizar al t\u00e9rmino de la jornada laboral del mi\u00e9rcoles 28 de abril."},"content":{"rendered":"","protected":false},"excerpt":{"rendered":"","protected":false},"author":35,"featured_media":0,"comment_status":"closed","ping_status":"closed","sticky":false,"template":"","format":"standard","meta":{"footnotes":""},"categories":[596],"tags":[],"class_list":["post-176555","post","type-post","status-publish","format-standard","","category-urgente"],"_links":{"self":[{"href":"https:\/\/archive.sana.sy\/es\/index.php?rest_route=\/wp\/v2\/posts\/176555"}],"collection":[{"href":"https:\/\/archive.sana.sy\/es\/index.php?rest_route=\/wp\/v2\/posts"}],"about":[{"href":"https:\/\/archive.sana.sy\/es\/index.php?rest_route=\/wp\/v2\/types\/post"}],"author":[{"embeddable":true,"href":"https:\/\/archive.sana.sy\/es\/index.php?rest_route=\/wp\/v2\/users\/35"}],"replies":[{"embeddable":true,"href":"https:\/\/archive.sana.sy\/es\/index.php?rest_route=%2Fwp%2Fv2%2Fcomments&post=176555"}],"version-history":[{"count":0,"href":"https:\/\/archive.sana.sy\/es\/index.php?rest_route=\/wp\/v2\/posts\/176555\/revisions"}],"wp:attachment":[{"href":"https:\/\/archive.sana.sy\/es\/index.php?rest_route=%2Fwp%2Fv2%2Fmedia&parent=176555"}],"wp:term":[{"taxonomy":"category","embeddable":true,"href":"https:\/\/archive.sana.sy\/es\/index.php?rest_route=%2Fwp%2Fv2%2Fcategories&post=176555"},{"taxonomy":"post_tag","embeddable":true,"href":"https:\/\/archive.sana.sy\/es\/index.php?rest_route=%2Fwp%2Fv2%2Ftags&post=176555"}],"curies":[{"name":"wp","href":"https:\/\/api.w.org\/{rel}","templated":true}]}}