{"id":176566,"date":"2021-04-18T13:39:21","date_gmt":"2021-04-18T10:39:21","guid":{"rendered":"http:\/\/107.6.182.27\/es\/?p=176566"},"modified":"2021-04-18T13:39:21","modified_gmt":"2021-04-18T10:39:21","slug":"siria-condena-envio-de-fuerzas-militares-por-parte-de-washington-y-la-otan-hacia-las-fronteras-rusas","status":"publish","type":"post","link":"https:\/\/archive.sana.sy\/es\/?p=176566","title":{"rendered":"Siria condena env\u00edo de fuerzas militares por parte de Washington y la OTAN hacia las fronteras rusas"},"content":{"rendered":"<p style=\"text-align: justify;\"><strong><span style=\"color: #800000;\">Damasco, SANA<\/span><\/strong><\/p>\n<p style=\"text-align: justify;\">Siria conden\u00f3 hoy el env\u00edo de m\u00e1s fuerzas militares por parte de Estados Unidos y la OTAN hacia las fronteras rusas, y asegur\u00f3 que eso supone una grave amenaza para la paz y la seguridad internacionales.<\/p>\n<p style=\"text-align: justify;\">&#8220;Esa escalada refleja la descarada intervenci\u00f3n en los asuntos de otros pa\u00edses, adem\u00e1s de imponerles medidas coercitivas en un intento de subyugarlos a las pol\u00edticas estadounidenses y la continuaci\u00f3n de su hegemon\u00eda en el mundo&#8221;, afirm\u00f3 un comunicado del Ministerio de Exteriores y Expatriados.<\/p>\n<p style=\"text-align: justify;\">La nota agreg\u00f3 que la Rep\u00fablica \u00c1rabe Siria rechaza este enfoque estadounidense en las relaciones internacionales y expresa su absoluta solidaridad con la amiga Federaci\u00f3n de Rusia y su apoyo a todas las medidas que toma para preservar su seguridad nacional y proteger la paz y la estabilidad en la regi\u00f3n y el mundo como resultado de las amenazas que la rodean a consecuencia de las pol\u00edticas estadounidenses imprudentes.<\/p>\n<p style=\"text-align: justify;\"><span style=\"color: #0000ff;\"><strong>fm\/ws<\/strong><\/span><\/p>\n","protected":false},"excerpt":{"rendered":"<p>Damasco, SANA Siria conden\u00f3 hoy el env\u00edo de m\u00e1s fuerzas militares por parte de Estados Unidos y la OTAN hacia las fronteras rusas, y asegur\u00f3 que eso supone una grave amenaza para la paz y la seguridad internacionales. &#8220;Esa escalada refleja la descarada intervenci\u00f3n en los asuntos de otros pa\u00edses, adem\u00e1s de imponerles medidas coercitivas &hellip;<\/p>\n","protected":false},"author":35,"featured_media":176567,"comment_status":"closed","ping_status":"closed","sticky":false,"template":"","format":"standard","meta":{"footnotes":""},"categories":[477,447,597,476,7541],"tags":[],"class_list":["post-176566","post","type-post","status-publish","format-standard","has-post-thumbnail","","category-noticias-edulcorantes","category-local-politica","category-cinta-de-noticias","category-locales","category-ultimas-noticias"],"_links":{"self":[{"href":"https:\/\/archive.sana.sy\/es\/index.php?rest_route=\/wp\/v2\/posts\/176566"}],"collection":[{"href":"https:\/\/archive.sana.sy\/es\/index.php?rest_route=\/wp\/v2\/posts"}],"about":[{"href":"https:\/\/archive.sana.sy\/es\/index.php?rest_route=\/wp\/v2\/types\/post"}],"author":[{"embeddable":true,"href":"https:\/\/archive.sana.sy\/es\/index.php?rest_route=\/wp\/v2\/users\/35"}],"replies":[{"embeddable":true,"href":"https:\/\/archive.sana.sy\/es\/index.php?rest_route=%2Fwp%2Fv2%2Fcomments&post=176566"}],"version-history":[{"count":0,"href":"https:\/\/archive.sana.sy\/es\/index.php?rest_route=\/wp\/v2\/posts\/176566\/revisions"}],"wp:featuredmedia":[{"embeddable":true,"href":"https:\/\/archive.sana.sy\/es\/index.php?rest_route=\/wp\/v2\/media\/176567"}],"wp:attachment":[{"href":"https:\/\/archive.sana.sy\/es\/index.php?rest_route=%2Fwp%2Fv2%2Fmedia&parent=176566"}],"wp:term":[{"taxonomy":"category","embeddable":true,"href":"https:\/\/archive.sana.sy\/es\/index.php?rest_route=%2Fwp%2Fv2%2Fcategories&post=176566"},{"taxonomy":"post_tag","embeddable":true,"href":"https:\/\/archive.sana.sy\/es\/index.php?rest_route=%2Fwp%2Fv2%2Ftags&post=176566"}],"curies":[{"name":"wp","href":"https:\/\/api.w.org\/{rel}","templated":true}]}}