{"id":176611,"date":"2021-04-18T20:48:31","date_gmt":"2021-04-18T17:48:31","guid":{"rendered":"http:\/\/107.6.182.27\/es\/?p=176611"},"modified":"2021-04-18T20:48:31","modified_gmt":"2021-04-18T17:48:31","slug":"estudiantes-sirios-en-bulgaria-ratifican-solidaridad-con-la-patria","status":"publish","type":"post","link":"https:\/\/archive.sana.sy\/es\/?p=176611","title":{"rendered":"Estudiantes sirios en Bulgaria ratifican solidaridad con la patria"},"content":{"rendered":"<p style=\"text-align: justify;\"><strong><span style=\"color: #800000;\">Sof\u00eda, SANA<\/span><\/strong><\/p>\n<p style=\"text-align: justify;\">Los estudiantes sirios que cursan en las universidades b\u00falgaras reiteraron su posici\u00f3n de apoyo a su pa\u00eds en la guerra contra el terrorismo.<\/p>\n<p style=\"text-align: justify;\">Durante una ceremonia de la sucursal de la Uni\u00f3n Nacional de Estudiantes Sirios en Bulgaria organizada en la sede de la Misi\u00f3n Diplom\u00e1tica de Siria en Sof\u00eda con motivo del 75\u00ba aniversario de la Independencia, los estudiantes expresaron su orgullo por esta gran efem\u00e9ride que recuerda las epopeyas de hero\u00edsmo del pueblo sirio por lograr su libertad e independencia.<\/p>\n<p style=\"text-align: justify;\">Tambi\u00e9n, afirmaron su compromiso con la preparaci\u00f3n acad\u00e9mica para cumplir su rol en la reconstrucci\u00f3n del pa\u00eds.<\/p>\n<p style=\"text-align: justify;\"><span style=\"color: #0000ff;\"><strong>sm\/rsh<\/strong><\/span><\/p>\n","protected":false},"excerpt":{"rendered":"<p>Sof\u00eda, SANA Los estudiantes sirios que cursan en las universidades b\u00falgaras reiteraron su posici\u00f3n de apoyo a su pa\u00eds en la guerra contra el terrorismo. Durante una ceremonia de la sucursal de la Uni\u00f3n Nacional de Estudiantes Sirios en Bulgaria organizada en la sede de la Misi\u00f3n Diplom\u00e1tica de Siria en Sof\u00eda con motivo del &hellip;<\/p>\n","protected":false},"author":39,"featured_media":176613,"comment_status":"closed","ping_status":"closed","sticky":false,"template":"","format":"standard","meta":{"footnotes":""},"categories":[597,467,7541],"tags":[],"class_list":["post-176611","post","type-post","status-publish","format-standard","has-post-thumbnail","","category-cinta-de-noticias","category-siria-y-el-mundo","category-ultimas-noticias"],"_links":{"self":[{"href":"https:\/\/archive.sana.sy\/es\/index.php?rest_route=\/wp\/v2\/posts\/176611"}],"collection":[{"href":"https:\/\/archive.sana.sy\/es\/index.php?rest_route=\/wp\/v2\/posts"}],"about":[{"href":"https:\/\/archive.sana.sy\/es\/index.php?rest_route=\/wp\/v2\/types\/post"}],"author":[{"embeddable":true,"href":"https:\/\/archive.sana.sy\/es\/index.php?rest_route=\/wp\/v2\/users\/39"}],"replies":[{"embeddable":true,"href":"https:\/\/archive.sana.sy\/es\/index.php?rest_route=%2Fwp%2Fv2%2Fcomments&post=176611"}],"version-history":[{"count":0,"href":"https:\/\/archive.sana.sy\/es\/index.php?rest_route=\/wp\/v2\/posts\/176611\/revisions"}],"wp:featuredmedia":[{"embeddable":true,"href":"https:\/\/archive.sana.sy\/es\/index.php?rest_route=\/wp\/v2\/media\/176613"}],"wp:attachment":[{"href":"https:\/\/archive.sana.sy\/es\/index.php?rest_route=%2Fwp%2Fv2%2Fmedia&parent=176611"}],"wp:term":[{"taxonomy":"category","embeddable":true,"href":"https:\/\/archive.sana.sy\/es\/index.php?rest_route=%2Fwp%2Fv2%2Fcategories&post=176611"},{"taxonomy":"post_tag","embeddable":true,"href":"https:\/\/archive.sana.sy\/es\/index.php?rest_route=%2Fwp%2Fv2%2Ftags&post=176611"}],"curies":[{"name":"wp","href":"https:\/\/api.w.org\/{rel}","templated":true}]}}