{"id":17665,"date":"2015-02-09T14:25:37","date_gmt":"2015-02-09T12:25:37","guid":{"rendered":"http:\/\/www.sana.sy\/es\/?p=17665"},"modified":"2015-02-10T13:00:48","modified_gmt":"2015-02-10T11:00:48","slug":"el-presidente-al-assad-acepta-las-cartas-credenciales-de-los-dos-nuevos-embajadores-de-la-federacion-rusa-e-indonesia","status":"publish","type":"post","link":"https:\/\/archive.sana.sy\/es\/?p=17665","title":{"rendered":"El presidente Al-Assad acepta las cartas credenciales de los dos nuevos embajadores de la Federaci\u00f3n Rusa e Indonesia"},"content":{"rendered":"<p><span style=\"color: #ff0000\"><strong>Damasco, SANA.<\/strong><\/span><\/p>\n<p><strong>El presidente sirio Bashar Al-Assad acept\u00f3 las cartas credenciales del nuevo embajador de la Federaci\u00f3n de Rusia Alexander Kinshuk,\u00a0 ante la Rep\u00fablica \u00c1rabe Siria.<\/strong><\/p>\n<p><strong>As\u00ed como el presidente Bashar Al- Assad acept\u00f3 tambi\u00e9n las cartas credenciales del embajador Joko Haryanto de la Rep\u00fablica de Indonesia ante la Rep\u00fablica \u00c1rabe Siria.<\/strong><\/p>\n<p><strong>Donde el presidente al-Assad se reuni\u00f3 con los embajadores ruso e indonesio por separado y les dese\u00f3 \u00e9xitos en sus misiones.<\/strong><\/p>\n<p><strong>La ceremonia de presentaci\u00f3n de credenciales cont\u00f3 con la presencia del viceprimer ministro y ministro de Exteriores y de los Emigrantes Walid Al-Molaem y Mansour Azzam ministro de los Asuntos de la Presidencia de la Rep\u00fablica.<\/strong><\/p>\n<p><span style=\"color: #00ccff\">Hala B., Ryad Sh.<\/span><\/p>\n","protected":false},"excerpt":{"rendered":"<p>Damasco, SANA. El presidente sirio Bashar Al-Assad acept\u00f3 las cartas credenciales del nuevo embajador de la Federaci\u00f3n de Rusia Alexander Kinshuk,\u00a0 ante la Rep\u00fablica \u00c1rabe Siria. As\u00ed como el presidente Bashar Al- Assad acept\u00f3 tambi\u00e9n las cartas credenciales del embajador Joko Haryanto de la Rep\u00fablica de Indonesia ante la Rep\u00fablica \u00c1rabe Siria. Donde el presidente &hellip;<\/p>\n","protected":false},"author":1,"featured_media":17671,"comment_status":"closed","ping_status":"closed","sticky":false,"template":"","format":"standard","meta":{"footnotes":""},"categories":[597,626],"tags":[3993],"class_list":["post-17665","post","type-post","status-publish","format-standard","has-post-thumbnail","","category-cinta-de-noticias","category-sr-presidente","tag-el-presidente-al-assad-acepta-las-cartas-credenciales-de-los-dos-nuevos-embajadores-de-la-federacion-rusa-e-indonesia"],"_links":{"self":[{"href":"https:\/\/archive.sana.sy\/es\/index.php?rest_route=\/wp\/v2\/posts\/17665"}],"collection":[{"href":"https:\/\/archive.sana.sy\/es\/index.php?rest_route=\/wp\/v2\/posts"}],"about":[{"href":"https:\/\/archive.sana.sy\/es\/index.php?rest_route=\/wp\/v2\/types\/post"}],"author":[{"embeddable":true,"href":"https:\/\/archive.sana.sy\/es\/index.php?rest_route=\/wp\/v2\/users\/1"}],"replies":[{"embeddable":true,"href":"https:\/\/archive.sana.sy\/es\/index.php?rest_route=%2Fwp%2Fv2%2Fcomments&post=17665"}],"version-history":[{"count":0,"href":"https:\/\/archive.sana.sy\/es\/index.php?rest_route=\/wp\/v2\/posts\/17665\/revisions"}],"wp:featuredmedia":[{"embeddable":true,"href":"https:\/\/archive.sana.sy\/es\/index.php?rest_route=\/wp\/v2\/media\/17671"}],"wp:attachment":[{"href":"https:\/\/archive.sana.sy\/es\/index.php?rest_route=%2Fwp%2Fv2%2Fmedia&parent=17665"}],"wp:term":[{"taxonomy":"category","embeddable":true,"href":"https:\/\/archive.sana.sy\/es\/index.php?rest_route=%2Fwp%2Fv2%2Fcategories&post=17665"},{"taxonomy":"post_tag","embeddable":true,"href":"https:\/\/archive.sana.sy\/es\/index.php?rest_route=%2Fwp%2Fv2%2Ftags&post=17665"}],"curies":[{"name":"wp","href":"https:\/\/api.w.org\/{rel}","templated":true}]}}