{"id":176674,"date":"2021-04-19T13:16:02","date_gmt":"2021-04-19T10:16:02","guid":{"rendered":"http:\/\/107.6.182.27\/es\/?p=176674"},"modified":"2021-04-19T13:16:02","modified_gmt":"2021-04-19T10:16:02","slug":"presidente-de-la-asamblea-del-pueblo-anuncio-que-el-tribunal-supremo-constitucional-informo-al-parlamento-que-mohammed-firas-yassin-rajouh-presento-solicitud-de-candidatura-para-el-cargo-de-presidente","status":"publish","type":"post","link":"https:\/\/archive.sana.sy\/es\/?p=176674","title":{"rendered":"Presidente de la Asamblea del Pueblo anunci\u00f3 que el Tribunal Supremo Constitucional inform\u00f3 al Parlamento que Mohammed Firas Yassin Rajouh present\u00f3 solicitud de candidatura para el cargo de Presidente de la Rep\u00fablica."},"content":{"rendered":"","protected":false},"excerpt":{"rendered":"","protected":false},"author":32,"featured_media":0,"comment_status":"closed","ping_status":"closed","sticky":false,"template":"","format":"standard","meta":{"footnotes":""},"categories":[596],"tags":[],"class_list":["post-176674","post","type-post","status-publish","format-standard","","category-urgente"],"_links":{"self":[{"href":"https:\/\/archive.sana.sy\/es\/index.php?rest_route=\/wp\/v2\/posts\/176674"}],"collection":[{"href":"https:\/\/archive.sana.sy\/es\/index.php?rest_route=\/wp\/v2\/posts"}],"about":[{"href":"https:\/\/archive.sana.sy\/es\/index.php?rest_route=\/wp\/v2\/types\/post"}],"author":[{"embeddable":true,"href":"https:\/\/archive.sana.sy\/es\/index.php?rest_route=\/wp\/v2\/users\/32"}],"replies":[{"embeddable":true,"href":"https:\/\/archive.sana.sy\/es\/index.php?rest_route=%2Fwp%2Fv2%2Fcomments&post=176674"}],"version-history":[{"count":0,"href":"https:\/\/archive.sana.sy\/es\/index.php?rest_route=\/wp\/v2\/posts\/176674\/revisions"}],"wp:attachment":[{"href":"https:\/\/archive.sana.sy\/es\/index.php?rest_route=%2Fwp%2Fv2%2Fmedia&parent=176674"}],"wp:term":[{"taxonomy":"category","embeddable":true,"href":"https:\/\/archive.sana.sy\/es\/index.php?rest_route=%2Fwp%2Fv2%2Fcategories&post=176674"},{"taxonomy":"post_tag","embeddable":true,"href":"https:\/\/archive.sana.sy\/es\/index.php?rest_route=%2Fwp%2Fv2%2Ftags&post=176674"}],"curies":[{"name":"wp","href":"https:\/\/api.w.org\/{rel}","templated":true}]}}