{"id":176703,"date":"2021-04-19T13:51:09","date_gmt":"2021-04-19T10:51:09","guid":{"rendered":"http:\/\/107.6.182.27\/es\/?p=176703"},"modified":"2023-01-12T14:41:32","modified_gmt":"2023-01-12T12:41:32","slug":"eligen-a-miguel-diaz-canel-como-secretario-general-del-partido-comunista-de-cuba","status":"publish","type":"post","link":"https:\/\/archive.sana.sy\/es\/?p=176703","title":{"rendered":"Eligen a Miguel D\u00edaz-Canel como Secretario General del Partido Comunista de Cuba"},"content":{"rendered":"<p style=\"text-align: justify;\"><span style=\"color: #800000;\"><strong>La Habana, SANA<\/strong><\/span><\/p>\n<p style=\"text-align: justify;\">El Comit\u00e9 Central del Partido Comunista de Cuba (PCC) eligi\u00f3 como Secretario General al presidente de la Rep\u00fablica de Cuba, Miguel D\u00edaz-Canel.<\/p>\n<p style=\"text-align: justify;\">Los miembros del Comit\u00e9 Central votaron la v\u00edspera para elegir un Comit\u00e9 Central del Partido Comunista de Cuba para la pr\u00f3xima etapa 2021-2026 y los miembros del nuevo Bur\u00f3 Pol\u00edtico.<\/p>\n<p style=\"text-align: justify;\">D\u00edaz-Canel desempe\u00f1ar\u00e1 el cargo que ocup\u00f3 el general de Ej\u00e9rcito Ra\u00fal Castro, exponente de la dirigencia hist\u00f3rica de la Revoluci\u00f3n cubana que comand\u00f3 el l\u00edder hist\u00f3rico de ese proceso, Fidel Castro y cuyo legado prim\u00f3 en el c\u00f3nclave.<\/p>\n<p style=\"text-align: justify;\">Ra\u00fal Castro, quien dio a conocer los resultados del Pleno, hab\u00eda adelantado el 16 de abril que no aceptar\u00eda propuesta &#8216;para mantenerme en los cargos superiores de la organizaci\u00f3n partidista&#8217;.<\/p>\n<p style=\"text-align: justify;\">Entonces dijo que continuar\u00e1 &#8216;militando como un combatiente revolucionario m\u00e1s, dispuesto a aportar mi modesta contribuci\u00f3n hasta el final de la vida&#8217;.<\/p>\n<p style=\"text-align: justify;\"><span style=\"color: #0000ff;\"><strong>fm<\/strong><\/span><\/p>\n","protected":false},"excerpt":{"rendered":"<p>La Habana, SANA El Comit\u00e9 Central del Partido Comunista de Cuba (PCC) eligi\u00f3 como Secretario General al presidente de la Rep\u00fablica de Cuba, Miguel D\u00edaz-Canel. Los miembros del Comit\u00e9 Central votaron la v\u00edspera para elegir un Comit\u00e9 Central del Partido Comunista de Cuba para la pr\u00f3xima etapa 2021-2026 y los miembros del nuevo Bur\u00f3 Pol\u00edtico. &hellip;<\/p>\n","protected":false},"author":34,"featured_media":176704,"comment_status":"closed","ping_status":"closed","sticky":false,"template":"","format":"standard","meta":{"footnotes":""},"categories":[597,456,7541],"tags":[],"class_list":["post-176703","post","type-post","status-publish","format-standard","has-post-thumbnail","","category-cinta-de-noticias","category-arabe-internacional-politica","category-ultimas-noticias"],"_links":{"self":[{"href":"https:\/\/archive.sana.sy\/es\/index.php?rest_route=\/wp\/v2\/posts\/176703"}],"collection":[{"href":"https:\/\/archive.sana.sy\/es\/index.php?rest_route=\/wp\/v2\/posts"}],"about":[{"href":"https:\/\/archive.sana.sy\/es\/index.php?rest_route=\/wp\/v2\/types\/post"}],"author":[{"embeddable":true,"href":"https:\/\/archive.sana.sy\/es\/index.php?rest_route=\/wp\/v2\/users\/34"}],"replies":[{"embeddable":true,"href":"https:\/\/archive.sana.sy\/es\/index.php?rest_route=%2Fwp%2Fv2%2Fcomments&post=176703"}],"version-history":[{"count":0,"href":"https:\/\/archive.sana.sy\/es\/index.php?rest_route=\/wp\/v2\/posts\/176703\/revisions"}],"wp:featuredmedia":[{"embeddable":true,"href":"https:\/\/archive.sana.sy\/es\/index.php?rest_route=\/wp\/v2\/media\/176704"}],"wp:attachment":[{"href":"https:\/\/archive.sana.sy\/es\/index.php?rest_route=%2Fwp%2Fv2%2Fmedia&parent=176703"}],"wp:term":[{"taxonomy":"category","embeddable":true,"href":"https:\/\/archive.sana.sy\/es\/index.php?rest_route=%2Fwp%2Fv2%2Fcategories&post=176703"},{"taxonomy":"post_tag","embeddable":true,"href":"https:\/\/archive.sana.sy\/es\/index.php?rest_route=%2Fwp%2Fv2%2Ftags&post=176703"}],"curies":[{"name":"wp","href":"https:\/\/api.w.org\/{rel}","templated":true}]}}