{"id":176739,"date":"2021-04-20T12:56:17","date_gmt":"2021-04-20T09:56:17","guid":{"rendered":"http:\/\/107.6.182.27\/es\/?p=176739"},"modified":"2023-01-10T14:29:18","modified_gmt":"2023-01-10T12:29:18","slug":"tribunal-supremo-constitucional-recibe-tercera-solicitud-de-postulacion-a-las-elecciones-presidenciales","status":"publish","type":"post","link":"https:\/\/archive.sana.sy\/es\/?p=176739","title":{"rendered":"Tribunal Supremo Constitucional recibe tercera solicitud de postulaci\u00f3n a las elecciones presidenciales"},"content":{"rendered":"<p style=\"text-align: justify;\"><span style=\"color: #800000;\"><strong>Damasco, SANA<\/strong><\/span><\/p>\n<p style=\"text-align: justify;\">El presidente de la Asamblea del Pueblo (Parlamento), Hamoudah Sabbag, anunci\u00f3 que el Tribunal Supremo Constitucional recibi\u00f3 una tercera solicitud de postulaci\u00f3n para candidatura al cargo de Presidente de la Rep\u00fablica.<\/p>\n<p style=\"text-align: justify;\">Sabbag inform\u00f3 que la Sra. Faten Ali Nahar present\u00f3 la tercera solicitud de postulaci\u00f3n.<\/p>\n<p style=\"text-align: justify;\">En la v\u00edspera, Mohammed Firas Yassin Rajouh y Abdullah Salloum Abdullah presentaron solicitudes para candidatura a las elecciones presidenciales.<\/p>\n<p style=\"text-align: justify;\">El Parlamento fij\u00f3 un plazo de 10 d\u00edas que comienza a partir del lunes, 19 de abril, para recibir solicitudes de postulaci\u00f3n a las elecciones presidenciales que se efectuar\u00e1n el 26 de mayo pr\u00f3ximo.<\/p>\n<p style=\"text-align: justify;\"><strong><span style=\"color: #0000ff;\">fm\/ed<\/span><\/strong><\/p>\n","protected":false},"excerpt":{"rendered":"<p>Damasco, SANA El presidente de la Asamblea del Pueblo (Parlamento), Hamoudah Sabbag, anunci\u00f3 que el Tribunal Supremo Constitucional recibi\u00f3 una tercera solicitud de postulaci\u00f3n para candidatura al cargo de Presidente de la Rep\u00fablica. Sabbag inform\u00f3 que la Sra. Faten Ali Nahar present\u00f3 la tercera solicitud de postulaci\u00f3n. En la v\u00edspera, Mohammed Firas Yassin Rajouh y &hellip;<\/p>\n","protected":false},"author":32,"featured_media":176710,"comment_status":"closed","ping_status":"closed","sticky":false,"template":"","format":"standard","meta":{"footnotes":""},"categories":[447,477,597,476,583],"tags":[],"class_list":["post-176739","post","type-post","status-publish","format-standard","has-post-thumbnail","","category-local-politica","category-noticias-edulcorantes","category-cinta-de-noticias","category-locales","category-slide"],"_links":{"self":[{"href":"https:\/\/archive.sana.sy\/es\/index.php?rest_route=\/wp\/v2\/posts\/176739"}],"collection":[{"href":"https:\/\/archive.sana.sy\/es\/index.php?rest_route=\/wp\/v2\/posts"}],"about":[{"href":"https:\/\/archive.sana.sy\/es\/index.php?rest_route=\/wp\/v2\/types\/post"}],"author":[{"embeddable":true,"href":"https:\/\/archive.sana.sy\/es\/index.php?rest_route=\/wp\/v2\/users\/32"}],"replies":[{"embeddable":true,"href":"https:\/\/archive.sana.sy\/es\/index.php?rest_route=%2Fwp%2Fv2%2Fcomments&post=176739"}],"version-history":[{"count":0,"href":"https:\/\/archive.sana.sy\/es\/index.php?rest_route=\/wp\/v2\/posts\/176739\/revisions"}],"wp:featuredmedia":[{"embeddable":true,"href":"https:\/\/archive.sana.sy\/es\/index.php?rest_route=\/wp\/v2\/media\/176710"}],"wp:attachment":[{"href":"https:\/\/archive.sana.sy\/es\/index.php?rest_route=%2Fwp%2Fv2%2Fmedia&parent=176739"}],"wp:term":[{"taxonomy":"category","embeddable":true,"href":"https:\/\/archive.sana.sy\/es\/index.php?rest_route=%2Fwp%2Fv2%2Fcategories&post=176739"},{"taxonomy":"post_tag","embeddable":true,"href":"https:\/\/archive.sana.sy\/es\/index.php?rest_route=%2Fwp%2Fv2%2Ftags&post=176739"}],"curies":[{"name":"wp","href":"https:\/\/api.w.org\/{rel}","templated":true}]}}