{"id":176748,"date":"2021-04-20T17:13:21","date_gmt":"2021-04-20T14:13:21","guid":{"rendered":"http:\/\/107.6.182.27\/es\/?p=176748"},"modified":"2021-04-20T17:33:37","modified_gmt":"2021-04-20T14:33:37","slug":"mlas-reparte-ayuda-humanitaria-a-familias-afectadas-y-desplazadas-en-el-noreste-del-pais","status":"publish","type":"post","link":"https:\/\/archive.sana.sy\/es\/?p=176748","title":{"rendered":"MLRAS reparte ayuda humanitaria a familias afectadas y desplazadas en el noreste del pa\u00eds"},"content":{"rendered":"<p style=\"text-align: justify\"><span style=\"color: #800000\">Hasakeh, SANA<\/span><\/p>\n<p style=\"text-align: justify\">La Media Luna Roja \u00c1rabe Siria en Hasaeh comenz\u00f3 la distribuci\u00f3n de ayuda humanitaria a las familias m\u00e1s necesitadas en la zona de Tal Tamer en el este de la provincia de Hasakeh.<\/p>\n<p style=\"text-align: justify\">La asistencia fue apoyada por el Programa Mundial de Alimentos de la ONU (PMA).<\/p>\n<p style=\"text-align: justify\">Ali Mansour, jefe de la sucursal de la MLRAS en la referida provincia nororiental se\u00f1al\u00f3 que la ayuda incluye canastas alimentarias est\u00e1n destinadas a los hu\u00e9rfanos, las viudas, personas con discapacidades y familias desplazadas de la localidad de Ras al-Ain y sus cercan\u00edas que residen en los centros de refugio.<\/p>\n<p style=\"text-align: justify\">Confirm\u00f3 que el proceso de distribuci\u00f3n continuar\u00e1 hasta que cubra al total de familias en Tal Tamer que asciende a 2500.<\/p>\n<p style=\"text-align: justify\"><span style=\"color: #0000ff\"><strong><em>la<\/em><\/strong><\/span><\/p>\n","protected":false},"excerpt":{"rendered":"<p>Hasakeh, SANA La Media Luna Roja \u00c1rabe Siria en Hasaeh comenz\u00f3 la distribuci\u00f3n de ayuda humanitaria a las familias m\u00e1s necesitadas en la zona de Tal Tamer en el este de la provincia de Hasakeh. La asistencia fue apoyada por el Programa Mundial de Alimentos de la ONU (PMA). Ali Mansour, jefe de la sucursal &hellip;<\/p>\n","protected":false},"author":24,"featured_media":176749,"comment_status":"closed","ping_status":"closed","sticky":false,"template":"","format":"standard","meta":{"footnotes":""},"categories":[597,476,457],"tags":[],"class_list":["post-176748","post","type-post","status-publish","format-standard","has-post-thumbnail","","category-cinta-de-noticias","category-locales","category-noticias-arabe-internacional-politica"],"_links":{"self":[{"href":"https:\/\/archive.sana.sy\/es\/index.php?rest_route=\/wp\/v2\/posts\/176748"}],"collection":[{"href":"https:\/\/archive.sana.sy\/es\/index.php?rest_route=\/wp\/v2\/posts"}],"about":[{"href":"https:\/\/archive.sana.sy\/es\/index.php?rest_route=\/wp\/v2\/types\/post"}],"author":[{"embeddable":true,"href":"https:\/\/archive.sana.sy\/es\/index.php?rest_route=\/wp\/v2\/users\/24"}],"replies":[{"embeddable":true,"href":"https:\/\/archive.sana.sy\/es\/index.php?rest_route=%2Fwp%2Fv2%2Fcomments&post=176748"}],"version-history":[{"count":0,"href":"https:\/\/archive.sana.sy\/es\/index.php?rest_route=\/wp\/v2\/posts\/176748\/revisions"}],"wp:featuredmedia":[{"embeddable":true,"href":"https:\/\/archive.sana.sy\/es\/index.php?rest_route=\/wp\/v2\/media\/176749"}],"wp:attachment":[{"href":"https:\/\/archive.sana.sy\/es\/index.php?rest_route=%2Fwp%2Fv2%2Fmedia&parent=176748"}],"wp:term":[{"taxonomy":"category","embeddable":true,"href":"https:\/\/archive.sana.sy\/es\/index.php?rest_route=%2Fwp%2Fv2%2Fcategories&post=176748"},{"taxonomy":"post_tag","embeddable":true,"href":"https:\/\/archive.sana.sy\/es\/index.php?rest_route=%2Fwp%2Fv2%2Ftags&post=176748"}],"curies":[{"name":"wp","href":"https:\/\/api.w.org\/{rel}","templated":true}]}}