{"id":176759,"date":"2021-04-20T18:20:30","date_gmt":"2021-04-20T15:20:30","guid":{"rendered":"http:\/\/107.6.182.27\/es\/?p=176759"},"modified":"2021-04-20T18:21:21","modified_gmt":"2021-04-20T15:21:21","slug":"colectividad-siria-en-chile-exige-a-la-ue-levantamiento-inmediato-del-bloqueo-economico-impuesto-a-su-patria","status":"publish","type":"post","link":"https:\/\/archive.sana.sy\/es\/?p=176759","title":{"rendered":"Colectividad siria en Chile exige a la UE levantamiento del bloqueo econ\u00f3mico impuesto a su patria"},"content":{"rendered":"<p style=\"text-align: justify\"><span style=\"color: #800000\">Santiago, SANA<\/span><\/p>\n<p style=\"text-align: justify\">En una carta dirigida al representante de la Uni\u00f3n Europea en Santiago de Chile, la colectividad siria en el pa\u00eds latinoamericano exigi\u00f3 el levantamiento inmediato de las injustas medidas coercitivas impuestas por Occidente al pueblo sirio.<\/p>\n<p style=\"text-align: justify\">\u201cPese a la tr\u00e1gica guerra terrorista que ha sufrido el pueblo sirio a lo largo de m\u00e1s de diez a\u00f1os, pa\u00edses europeos procedieron a aplicar medidas econ\u00f3micas en su contra, en una clara violaci\u00f3n del derecho internacional\u201d, fustig\u00f3.<\/p>\n<p style=\"text-align: justify\">Aclar\u00f3 que millones de sirios se vieron afectados por el bloqueo econ\u00f3mico que ha alcanzado todos los sectores de vida en Siria, sobre todo el de salud y la capacidad del pa\u00eds de hacer frente a la pandemia del Covid-19 y de suministrar el combustible y los f\u00e1rmacos.<\/p>\n<p style=\"text-align: justify\">Concluy\u00f3 exigiendo exigi\u00f3 el cese inmediato de estas inhumanas medidas que representan una amenaza para el derecho del pueblo sirio a gozar de una vida digna.<\/p>\n<p style=\"text-align: justify\"><span style=\"color: #0000ff\"><em>la<\/em><\/span><\/p>\n","protected":false},"excerpt":{"rendered":"<p>Santiago, SANA En una carta dirigida al representante de la Uni\u00f3n Europea en Santiago de Chile, la colectividad siria en el pa\u00eds latinoamericano exigi\u00f3 el levantamiento inmediato de las injustas medidas coercitivas impuestas por Occidente al pueblo sirio. \u201cPese a la tr\u00e1gica guerra terrorista que ha sufrido el pueblo sirio a lo largo de m\u00e1s &hellip;<\/p>\n","protected":false},"author":24,"featured_media":176760,"comment_status":"closed","ping_status":"closed","sticky":false,"template":"","format":"standard","meta":{"footnotes":""},"categories":[597,467],"tags":[],"class_list":["post-176759","post","type-post","status-publish","format-standard","has-post-thumbnail","","category-cinta-de-noticias","category-siria-y-el-mundo"],"_links":{"self":[{"href":"https:\/\/archive.sana.sy\/es\/index.php?rest_route=\/wp\/v2\/posts\/176759"}],"collection":[{"href":"https:\/\/archive.sana.sy\/es\/index.php?rest_route=\/wp\/v2\/posts"}],"about":[{"href":"https:\/\/archive.sana.sy\/es\/index.php?rest_route=\/wp\/v2\/types\/post"}],"author":[{"embeddable":true,"href":"https:\/\/archive.sana.sy\/es\/index.php?rest_route=\/wp\/v2\/users\/24"}],"replies":[{"embeddable":true,"href":"https:\/\/archive.sana.sy\/es\/index.php?rest_route=%2Fwp%2Fv2%2Fcomments&post=176759"}],"version-history":[{"count":0,"href":"https:\/\/archive.sana.sy\/es\/index.php?rest_route=\/wp\/v2\/posts\/176759\/revisions"}],"wp:featuredmedia":[{"embeddable":true,"href":"https:\/\/archive.sana.sy\/es\/index.php?rest_route=\/wp\/v2\/media\/176760"}],"wp:attachment":[{"href":"https:\/\/archive.sana.sy\/es\/index.php?rest_route=%2Fwp%2Fv2%2Fmedia&parent=176759"}],"wp:term":[{"taxonomy":"category","embeddable":true,"href":"https:\/\/archive.sana.sy\/es\/index.php?rest_route=%2Fwp%2Fv2%2Fcategories&post=176759"},{"taxonomy":"post_tag","embeddable":true,"href":"https:\/\/archive.sana.sy\/es\/index.php?rest_route=%2Fwp%2Fv2%2Ftags&post=176759"}],"curies":[{"name":"wp","href":"https:\/\/api.w.org\/{rel}","templated":true}]}}