{"id":176808,"date":"2021-04-21T07:10:11","date_gmt":"2021-04-21T04:10:11","guid":{"rendered":"http:\/\/107.6.182.27\/es\/?p=176808"},"modified":"2023-01-10T14:29:17","modified_gmt":"2023-01-10T12:29:17","slug":"damasco-y-moscu-instan-a-condenar-sanciones-impuestas-por-estados-unidos-a-siria","status":"publish","type":"post","link":"https:\/\/archive.sana.sy\/es\/?p=176808","title":{"rendered":"Damasco y Mosc\u00fa instan a condenar sanciones impuestas por Estados Unidos a Siria"},"content":{"rendered":"<p style=\"text-align: justify;\"><span style=\"color: #800000;\"><strong>Damasco, SANA<\/strong><\/span><\/p>\n<p style=\"text-align: justify;\">Siria y Rusia reiteraron su llamado a la comunidad internacional para que condene las injustas sanciones de los Estados Unidos y sus aliados contra Siria y que cese la politizaci\u00f3n de la ayuda humanitaria.<\/p>\n<p style=\"text-align: justify;\">Los \u00d3rganos de Coordinaci\u00f3n de Siria y Rusia para el Retorno de los Sirios Desplazados indicaron hoy en una declaraci\u00f3n conjunta, que el trabajo contin\u00faa con el objetivo de brindar asistencia y asegurar el regreso voluntario y seguro de los desplazados a la patria.<\/p>\n<p style=\"text-align: justify;\">Destac\u00f3 que un gran n\u00famero de esos refugiados regres\u00f3 al pa\u00eds \u00a0durante el \u00faltimo per\u00edodo, especialmente a trav\u00e9s de los cruces fronterizos con L\u00edbano.<\/p>\n<p style=\"text-align: justify;\">La declaraci\u00f3n reiter\u00f3 que &#8220;la ocupaci\u00f3n de territorios por parte de Estados Unidos y sus aliados, y el saqueo de los recursos naturales del pueblo sirio est\u00e1n causando da\u00f1o enorme a la econom\u00eda siria.<\/p>\n<p style=\"text-align: justify;\">Tambi\u00e9n, denunciaron que el apoyo continuo de Washington a las organizaciones terroristas tambi\u00e9n conduce a la inestabilidad de la situaci\u00f3n en Siria, golpea su econom\u00eda y crea una crisis humanitaria.<\/p>\n<p style=\"text-align: justify;\">El texto hace un llamado a la comunidad internacional para condenar las injustas sanciones contra Siria y la ocupaci\u00f3n de partes de su territorio con el objetivo de destruir la econom\u00eda siria, adem\u00e1s de detener la politizaci\u00f3n de la ayuda humanitaria.<\/p>\n<p style=\"text-align: justify;\"><span style=\"color: #0000ff;\"><strong>fm<\/strong><\/span><\/p>\n<p style=\"text-align: justify;\">\n","protected":false},"excerpt":{"rendered":"<p>Damasco, SANA Siria y Rusia reiteraron su llamado a la comunidad internacional para que condene las injustas sanciones de los Estados Unidos y sus aliados contra Siria y que cese la politizaci\u00f3n de la ayuda humanitaria. Los \u00d3rganos de Coordinaci\u00f3n de Siria y Rusia para el Retorno de los Sirios Desplazados indicaron hoy en una &hellip;<\/p>\n","protected":false},"author":34,"featured_media":176809,"comment_status":"closed","ping_status":"closed","sticky":false,"template":"","format":"standard","meta":{"footnotes":""},"categories":[447,477,597,573,476,457,467,7541],"tags":[],"class_list":["post-176808","post","type-post","status-publish","format-standard","has-post-thumbnail","","category-local-politica","category-noticias-edulcorantes","category-cinta-de-noticias","category-la-realidad-de-los-acontecimientos-en-siria","category-locales","category-noticias-arabe-internacional-politica","category-siria-y-el-mundo","category-ultimas-noticias"],"_links":{"self":[{"href":"https:\/\/archive.sana.sy\/es\/index.php?rest_route=\/wp\/v2\/posts\/176808"}],"collection":[{"href":"https:\/\/archive.sana.sy\/es\/index.php?rest_route=\/wp\/v2\/posts"}],"about":[{"href":"https:\/\/archive.sana.sy\/es\/index.php?rest_route=\/wp\/v2\/types\/post"}],"author":[{"embeddable":true,"href":"https:\/\/archive.sana.sy\/es\/index.php?rest_route=\/wp\/v2\/users\/34"}],"replies":[{"embeddable":true,"href":"https:\/\/archive.sana.sy\/es\/index.php?rest_route=%2Fwp%2Fv2%2Fcomments&post=176808"}],"version-history":[{"count":0,"href":"https:\/\/archive.sana.sy\/es\/index.php?rest_route=\/wp\/v2\/posts\/176808\/revisions"}],"wp:featuredmedia":[{"embeddable":true,"href":"https:\/\/archive.sana.sy\/es\/index.php?rest_route=\/wp\/v2\/media\/176809"}],"wp:attachment":[{"href":"https:\/\/archive.sana.sy\/es\/index.php?rest_route=%2Fwp%2Fv2%2Fmedia&parent=176808"}],"wp:term":[{"taxonomy":"category","embeddable":true,"href":"https:\/\/archive.sana.sy\/es\/index.php?rest_route=%2Fwp%2Fv2%2Fcategories&post=176808"},{"taxonomy":"post_tag","embeddable":true,"href":"https:\/\/archive.sana.sy\/es\/index.php?rest_route=%2Fwp%2Fv2%2Ftags&post=176808"}],"curies":[{"name":"wp","href":"https:\/\/api.w.org\/{rel}","templated":true}]}}