{"id":176817,"date":"2021-04-21T10:03:13","date_gmt":"2021-04-21T07:03:13","guid":{"rendered":"http:\/\/107.6.182.27\/es\/?p=176817"},"modified":"2021-04-21T10:03:13","modified_gmt":"2021-04-21T07:03:13","slug":"emigrantes-y-estudiantes-sirios-en-cuba-tachan-de-terrorismo-a-medidas-coercitivas-impuestas-a-su-pais","status":"publish","type":"post","link":"https:\/\/archive.sana.sy\/es\/?p=176817","title":{"rendered":"Emigrantes y estudiantes sirios en Cuba tachan de terrorismo a medidas coercitivas impuestas a su pa\u00eds"},"content":{"rendered":"<p style=\"text-align: justify;\"><span style=\"color: #800000;\"><strong>La Habana, SANA<\/strong><\/span><\/p>\n<p style=\"text-align: justify;\">Los estudiantes y emigrantes sirios en Cuba exigieron el levantamiento inmediato de las injustas medidas coercitivas impuestas por Estados Unidos y la UE al pueblo sirio, y consideraron que las mismas constituyen terrorismo econ\u00f3mico que afecta a todos los sirios.<\/p>\n<p style=\"text-align: justify;\">En cartas dirigidas al Secretario General de las Naciones Unidas, al Papa Francisco y a la Embajada de UE en la Habana, la colectividad siria en el pa\u00eds caribe\u00f1o enfatiz\u00f3 la necesidad de que los pa\u00edses del mundo cumplan con sus deberes y obligaciones morales y legales, y de que el Consejo de Seguridad tome medidas disuasivas y urgentes contra las organizaciones terroristas y sus patrocinadores.<\/p>\n<p style=\"text-align: justify;\">Tambi\u00e9n, exigieron respeto por la unidad y soberan\u00eda del territorio sirio y el derecho al pueblo sirio a elegir su liderazgo seg\u00fan lo establecido en la Constituci\u00f3n del pa\u00eds, y construir su futuro sin dictados ni presiones externas.<\/p>\n<p style=\"text-align: justify;\">Concluyeron haciendo un llamado a todos los pa\u00edses para iniciar un di\u00e1logo constructivo con el gobierno leg\u00edtimo de Damasco basado en el respeto, y la cooperaci\u00f3n para lograr la seguridad y estabilidad en la regi\u00f3n.<\/p>\n<p style=\"text-align: justify;\"><span style=\"color: #0000ff;\"><strong>sm\/fm<\/strong><\/span><\/p>\n","protected":false},"excerpt":{"rendered":"<p>La Habana, SANA Los estudiantes y emigrantes sirios en Cuba exigieron el levantamiento inmediato de las injustas medidas coercitivas impuestas por Estados Unidos y la UE al pueblo sirio, y consideraron que las mismas constituyen terrorismo econ\u00f3mico que afecta a todos los sirios. En cartas dirigidas al Secretario General de las Naciones Unidas, al Papa &hellip;<\/p>\n","protected":false},"author":39,"featured_media":176818,"comment_status":"closed","ping_status":"closed","sticky":false,"template":"","format":"standard","meta":{"footnotes":""},"categories":[597,467,7541],"tags":[],"class_list":["post-176817","post","type-post","status-publish","format-standard","has-post-thumbnail","","category-cinta-de-noticias","category-siria-y-el-mundo","category-ultimas-noticias"],"_links":{"self":[{"href":"https:\/\/archive.sana.sy\/es\/index.php?rest_route=\/wp\/v2\/posts\/176817"}],"collection":[{"href":"https:\/\/archive.sana.sy\/es\/index.php?rest_route=\/wp\/v2\/posts"}],"about":[{"href":"https:\/\/archive.sana.sy\/es\/index.php?rest_route=\/wp\/v2\/types\/post"}],"author":[{"embeddable":true,"href":"https:\/\/archive.sana.sy\/es\/index.php?rest_route=\/wp\/v2\/users\/39"}],"replies":[{"embeddable":true,"href":"https:\/\/archive.sana.sy\/es\/index.php?rest_route=%2Fwp%2Fv2%2Fcomments&post=176817"}],"version-history":[{"count":0,"href":"https:\/\/archive.sana.sy\/es\/index.php?rest_route=\/wp\/v2\/posts\/176817\/revisions"}],"wp:featuredmedia":[{"embeddable":true,"href":"https:\/\/archive.sana.sy\/es\/index.php?rest_route=\/wp\/v2\/media\/176818"}],"wp:attachment":[{"href":"https:\/\/archive.sana.sy\/es\/index.php?rest_route=%2Fwp%2Fv2%2Fmedia&parent=176817"}],"wp:term":[{"taxonomy":"category","embeddable":true,"href":"https:\/\/archive.sana.sy\/es\/index.php?rest_route=%2Fwp%2Fv2%2Fcategories&post=176817"},{"taxonomy":"post_tag","embeddable":true,"href":"https:\/\/archive.sana.sy\/es\/index.php?rest_route=%2Fwp%2Fv2%2Ftags&post=176817"}],"curies":[{"name":"wp","href":"https:\/\/api.w.org\/{rel}","templated":true}]}}