{"id":176831,"date":"2021-04-21T12:30:15","date_gmt":"2021-04-21T09:30:15","guid":{"rendered":"http:\/\/107.6.182.27\/es\/?p=176831"},"modified":"2021-04-21T12:30:15","modified_gmt":"2021-04-21T09:30:15","slug":"ministerio-de-educacion-superior-e-investigacion-cientificas-anuncia-la-reanudacion-de-las-clases-en-las-universidades-e-instituciones-de-ensenanza-superior-publicos-y-privados-a-partir-del-proximo","status":"publish","type":"post","link":"https:\/\/archive.sana.sy\/es\/?p=176831","title":{"rendered":"Ministerio de Educaci\u00f3n Superior e Investigaci\u00f3n Cient\u00edficas anuncia la reanudaci\u00f3n de las clases en las universidades e instituciones de ense\u00f1anza superior, p\u00fablicos y privados, a partir del pr\u00f3ximo domingo, 25 de abril de 2021."},"content":{"rendered":"","protected":false},"excerpt":{"rendered":"","protected":false},"author":39,"featured_media":0,"comment_status":"closed","ping_status":"closed","sticky":false,"template":"","format":"standard","meta":{"footnotes":""},"categories":[596],"tags":[],"class_list":["post-176831","post","type-post","status-publish","format-standard","","category-urgente"],"_links":{"self":[{"href":"https:\/\/archive.sana.sy\/es\/index.php?rest_route=\/wp\/v2\/posts\/176831"}],"collection":[{"href":"https:\/\/archive.sana.sy\/es\/index.php?rest_route=\/wp\/v2\/posts"}],"about":[{"href":"https:\/\/archive.sana.sy\/es\/index.php?rest_route=\/wp\/v2\/types\/post"}],"author":[{"embeddable":true,"href":"https:\/\/archive.sana.sy\/es\/index.php?rest_route=\/wp\/v2\/users\/39"}],"replies":[{"embeddable":true,"href":"https:\/\/archive.sana.sy\/es\/index.php?rest_route=%2Fwp%2Fv2%2Fcomments&post=176831"}],"version-history":[{"count":0,"href":"https:\/\/archive.sana.sy\/es\/index.php?rest_route=\/wp\/v2\/posts\/176831\/revisions"}],"wp:attachment":[{"href":"https:\/\/archive.sana.sy\/es\/index.php?rest_route=%2Fwp%2Fv2%2Fmedia&parent=176831"}],"wp:term":[{"taxonomy":"category","embeddable":true,"href":"https:\/\/archive.sana.sy\/es\/index.php?rest_route=%2Fwp%2Fv2%2Fcategories&post=176831"},{"taxonomy":"post_tag","embeddable":true,"href":"https:\/\/archive.sana.sy\/es\/index.php?rest_route=%2Fwp%2Fv2%2Ftags&post=176831"}],"curies":[{"name":"wp","href":"https:\/\/api.w.org\/{rel}","templated":true}]}}