{"id":176841,"date":"2021-04-21T14:03:32","date_gmt":"2021-04-21T11:03:32","guid":{"rendered":"http:\/\/107.6.182.27\/es\/?p=176841"},"modified":"2023-01-10T14:29:17","modified_gmt":"2023-01-10T12:29:17","slug":"reanudan-proceso-docente-en-universidades-sirias-a-partir-del-proximo-25-de-abril","status":"publish","type":"post","link":"https:\/\/archive.sana.sy\/es\/?p=176841","title":{"rendered":"Reanudan proceso docente en universidades sirias a partir del pr\u00f3ximo 25 de abril"},"content":{"rendered":"<p style=\"text-align: justify;\"><span style=\"color: #800000;\"><strong>Damasco, SANA<\/strong><\/span><\/p>\n<p style=\"text-align: justify;\">El Ministerio de Educaci\u00f3n Superior e Investigaci\u00f3n Cient\u00edficas anuncia la reanudaci\u00f3n de las clases en las universidades e instituciones de ense\u00f1anza superior, p\u00fablicas y privadas, a partir del pr\u00f3ximo domingo, 25 de abril de 2021.<\/p>\n<p style=\"text-align: justify;\">El ministerio instruy\u00f3 a los rectores universitarios a desarrollar programas para reanudar los ex\u00e1menes del sistema de Ense\u00f1anza Superior Abierta.<\/p>\n<p style=\"text-align: justify;\">El tres del mes en curso, el Ministerio suspendi\u00f3 la jornada laboral en las universidades p\u00fablicas y privadas, e institutos superiores y t\u00e9cnico medio hasta el 17 de este mes de abril.<\/p>\n<p style=\"text-align: justify;\"><span style=\"color: #0000ff;\"><strong>ed\/fm<\/strong><\/span><\/p>\n","protected":false},"excerpt":{"rendered":"<p>Damasco, SANA El Ministerio de Educaci\u00f3n Superior e Investigaci\u00f3n Cient\u00edficas anuncia la reanudaci\u00f3n de las clases en las universidades e instituciones de ense\u00f1anza superior, p\u00fablicas y privadas, a partir del pr\u00f3ximo domingo, 25 de abril de 2021. El ministerio instruy\u00f3 a los rectores universitarios a desarrollar programas para reanudar los ex\u00e1menes del sistema de Ense\u00f1anza &hellip;<\/p>\n","protected":false},"author":32,"featured_media":176842,"comment_status":"closed","ping_status":"closed","sticky":false,"template":"","format":"standard","meta":{"footnotes":""},"categories":[477,447,597,476,7541],"tags":[],"class_list":["post-176841","post","type-post","status-publish","format-standard","has-post-thumbnail","","category-noticias-edulcorantes","category-local-politica","category-cinta-de-noticias","category-locales","category-ultimas-noticias"],"_links":{"self":[{"href":"https:\/\/archive.sana.sy\/es\/index.php?rest_route=\/wp\/v2\/posts\/176841"}],"collection":[{"href":"https:\/\/archive.sana.sy\/es\/index.php?rest_route=\/wp\/v2\/posts"}],"about":[{"href":"https:\/\/archive.sana.sy\/es\/index.php?rest_route=\/wp\/v2\/types\/post"}],"author":[{"embeddable":true,"href":"https:\/\/archive.sana.sy\/es\/index.php?rest_route=\/wp\/v2\/users\/32"}],"replies":[{"embeddable":true,"href":"https:\/\/archive.sana.sy\/es\/index.php?rest_route=%2Fwp%2Fv2%2Fcomments&post=176841"}],"version-history":[{"count":0,"href":"https:\/\/archive.sana.sy\/es\/index.php?rest_route=\/wp\/v2\/posts\/176841\/revisions"}],"wp:featuredmedia":[{"embeddable":true,"href":"https:\/\/archive.sana.sy\/es\/index.php?rest_route=\/wp\/v2\/media\/176842"}],"wp:attachment":[{"href":"https:\/\/archive.sana.sy\/es\/index.php?rest_route=%2Fwp%2Fv2%2Fmedia&parent=176841"}],"wp:term":[{"taxonomy":"category","embeddable":true,"href":"https:\/\/archive.sana.sy\/es\/index.php?rest_route=%2Fwp%2Fv2%2Fcategories&post=176841"},{"taxonomy":"post_tag","embeddable":true,"href":"https:\/\/archive.sana.sy\/es\/index.php?rest_route=%2Fwp%2Fv2%2Ftags&post=176841"}],"curies":[{"name":"wp","href":"https:\/\/api.w.org\/{rel}","templated":true}]}}