{"id":176845,"date":"2021-04-21T14:52:50","date_gmt":"2021-04-21T11:52:50","guid":{"rendered":"http:\/\/107.6.182.27\/es\/?p=176845"},"modified":"2023-01-10T14:29:16","modified_gmt":"2023-01-10T12:29:16","slug":"hasakeh-sin-agua-por-12o-dia-consecutivo-por-culpa-del-ocupante-turco-y-sus-mercenarios","status":"publish","type":"post","link":"https:\/\/archive.sana.sy\/es\/?p=176845","title":{"rendered":"Hasakeh sin agua por 12\u00ba d\u00eda consecutivo por culpa del ocupante turco y sus mercenarios"},"content":{"rendered":"<p style=\"text-align: justify;\"><span style=\"color: #800000;\"><strong>Hasakeh, SANA<\/strong><\/span><\/p>\n<p style=\"text-align: justify;\">La ocupaci\u00f3n turca y sus mercenarios terroristas cortan, por duod\u00e9cimo d\u00eda consecutivo, el suministro de agua potable a la ciudad de Hasakeh, lo cual agudiza el sufrimiento de la gente, especialmente en medio de las altas temperaturas.<\/p>\n<p style=\"text-align: justify;\">En una declaraci\u00f3n al corresponsal de SANA, el Director General de la Empresa de Agua en Hasakeh, Mahmoud Okla, afirm\u00f3 que \u201c el corte de suministro del agua se debe al mal funcionamiento de la planta de electricidad a consecuencia de los ataques de las fuerzas de ocupaci\u00f3n turcas y sus mercenarios a la l\u00ednea el\u00e9ctrica.\u201d<\/p>\n<p style=\"text-align: justify;\">Okla afirma que la obtenci\u00f3n de agua potable se realiza actualmente, con la cooperaci\u00f3n de la Media Luna Roja Siria, trav\u00e9s de dep\u00f3sitos de agua m\u00f3viles.<\/p>\n<p style=\"text-align: justify;\">Las fuerzas de ocupaci\u00f3n turcas y sus mercenarios cometen frecuentemente actos de sabotaje contra las l\u00edneas de electricidad que suministran la planta, en el contexto de los planes hegem\u00f3nicos del ocupante en la regi\u00f3n destinados a desplazar a los pobladores de la zona y apoderarse de sus propiedades.<\/p>\n<p style=\"text-align: justify;\"><strong><span style=\"color: #0000ff;\">sm\/fm<\/span><\/strong><\/p>\n","protected":false},"excerpt":{"rendered":"<p>Hasakeh, SANA La ocupaci\u00f3n turca y sus mercenarios terroristas cortan, por duod\u00e9cimo d\u00eda consecutivo, el suministro de agua potable a la ciudad de Hasakeh, lo cual agudiza el sufrimiento de la gente, especialmente en medio de las altas temperaturas. En una declaraci\u00f3n al corresponsal de SANA, el Director General de la Empresa de Agua en &hellip;<\/p>\n","protected":false},"author":32,"featured_media":176846,"comment_status":"closed","ping_status":"closed","sticky":false,"template":"","format":"standard","meta":{"footnotes":""},"categories":[447,477,597,573,476,7541],"tags":[],"class_list":["post-176845","post","type-post","status-publish","format-standard","has-post-thumbnail","","category-local-politica","category-noticias-edulcorantes","category-cinta-de-noticias","category-la-realidad-de-los-acontecimientos-en-siria","category-locales","category-ultimas-noticias"],"_links":{"self":[{"href":"https:\/\/archive.sana.sy\/es\/index.php?rest_route=\/wp\/v2\/posts\/176845"}],"collection":[{"href":"https:\/\/archive.sana.sy\/es\/index.php?rest_route=\/wp\/v2\/posts"}],"about":[{"href":"https:\/\/archive.sana.sy\/es\/index.php?rest_route=\/wp\/v2\/types\/post"}],"author":[{"embeddable":true,"href":"https:\/\/archive.sana.sy\/es\/index.php?rest_route=\/wp\/v2\/users\/32"}],"replies":[{"embeddable":true,"href":"https:\/\/archive.sana.sy\/es\/index.php?rest_route=%2Fwp%2Fv2%2Fcomments&post=176845"}],"version-history":[{"count":0,"href":"https:\/\/archive.sana.sy\/es\/index.php?rest_route=\/wp\/v2\/posts\/176845\/revisions"}],"wp:featuredmedia":[{"embeddable":true,"href":"https:\/\/archive.sana.sy\/es\/index.php?rest_route=\/wp\/v2\/media\/176846"}],"wp:attachment":[{"href":"https:\/\/archive.sana.sy\/es\/index.php?rest_route=%2Fwp%2Fv2%2Fmedia&parent=176845"}],"wp:term":[{"taxonomy":"category","embeddable":true,"href":"https:\/\/archive.sana.sy\/es\/index.php?rest_route=%2Fwp%2Fv2%2Fcategories&post=176845"},{"taxonomy":"post_tag","embeddable":true,"href":"https:\/\/archive.sana.sy\/es\/index.php?rest_route=%2Fwp%2Fv2%2Ftags&post=176845"}],"curies":[{"name":"wp","href":"https:\/\/api.w.org\/{rel}","templated":true}]}}