{"id":176970,"date":"2021-04-22T20:34:58","date_gmt":"2021-04-22T17:34:58","guid":{"rendered":"http:\/\/107.6.182.27\/es\/?p=176970"},"modified":"2021-04-22T20:38:32","modified_gmt":"2021-04-22T17:38:32","slug":"condenas-libanesas-a-la-agresion-israeli-contra-la-periferia-de-damasco","status":"publish","type":"post","link":"https:\/\/archive.sana.sy\/es\/?p=176970","title":{"rendered":"Condenas libanesas a la agresi\u00f3n israel\u00ed contra la periferia de Damasco"},"content":{"rendered":"<p style=\"text-align: justify;\"><span style=\"color: #800000;\"><strong>Beirut, SANA<\/strong><\/span><\/p>\n<p style=\"text-align: justify;\">La Direcci\u00f3n Regional del Partido \u00c1rabe Socialista Baath en el L\u00edbano conden\u00f3 la agresi\u00f3n israel\u00ed en las cercan\u00edas de Damasco en la madrugada de hoy, y ensalz\u00f3 la respuesta del Ej\u00e9rcito \u00c1rabe Sirio a esta brutal agresi\u00f3n y el derribo de sus misiles.<\/p>\n<p style=\"text-align: justify;\">El secretario nacional del partido, Numan Shalak, consider\u00f3 que esta agresi\u00f3n constituye una violaci\u00f3n de la soberan\u00eda siria, y de las normas y leyes internacionales.<\/p>\n<p style=\"text-align: justify;\">Inst\u00f3 a la Secretar\u00eda de Naciones Unidas y al Consejo de Seguridad a que condenen esta agresi\u00f3n y asuman sus responsabilidades para evitar su continuaci\u00f3n.<\/p>\n<p style=\"text-align: justify;\">A su vez, la Junta de Eruditos Musulmanes en el L\u00edbano elogi\u00f3 la respuesta del Ej\u00e9rcito \u00c1rabe Sirio a la agresi\u00f3n israel\u00ed.<\/p>\n<p style=\"text-align: justify;\">En un comunicado, la Junta se\u00f1al\u00f3 que Siria y sus aliados en el eje de la resistencia son capaces de enfrentar, contener y responder a los ataques israel\u00edes.<\/p>\n<p style=\"text-align: justify;\"><span style=\"color: #0000ff;\"><strong>sm\/rsh<\/strong><\/span><\/p>\n","protected":false},"excerpt":{"rendered":"<p>Beirut, SANA La Direcci\u00f3n Regional del Partido \u00c1rabe Socialista Baath en el L\u00edbano conden\u00f3 la agresi\u00f3n israel\u00ed en las cercan\u00edas de Damasco en la madrugada de hoy, y ensalz\u00f3 la respuesta del Ej\u00e9rcito \u00c1rabe Sirio a esta brutal agresi\u00f3n y el derribo de sus misiles. El secretario nacional del partido, Numan Shalak, consider\u00f3 que esta &hellip;<\/p>\n","protected":false},"author":39,"featured_media":176971,"comment_status":"closed","ping_status":"closed","sticky":false,"template":"","format":"standard","meta":{"footnotes":""},"categories":[597,467,7541],"tags":[],"class_list":["post-176970","post","type-post","status-publish","format-standard","has-post-thumbnail","","category-cinta-de-noticias","category-siria-y-el-mundo","category-ultimas-noticias"],"_links":{"self":[{"href":"https:\/\/archive.sana.sy\/es\/index.php?rest_route=\/wp\/v2\/posts\/176970"}],"collection":[{"href":"https:\/\/archive.sana.sy\/es\/index.php?rest_route=\/wp\/v2\/posts"}],"about":[{"href":"https:\/\/archive.sana.sy\/es\/index.php?rest_route=\/wp\/v2\/types\/post"}],"author":[{"embeddable":true,"href":"https:\/\/archive.sana.sy\/es\/index.php?rest_route=\/wp\/v2\/users\/39"}],"replies":[{"embeddable":true,"href":"https:\/\/archive.sana.sy\/es\/index.php?rest_route=%2Fwp%2Fv2%2Fcomments&post=176970"}],"version-history":[{"count":0,"href":"https:\/\/archive.sana.sy\/es\/index.php?rest_route=\/wp\/v2\/posts\/176970\/revisions"}],"wp:featuredmedia":[{"embeddable":true,"href":"https:\/\/archive.sana.sy\/es\/index.php?rest_route=\/wp\/v2\/media\/176971"}],"wp:attachment":[{"href":"https:\/\/archive.sana.sy\/es\/index.php?rest_route=%2Fwp%2Fv2%2Fmedia&parent=176970"}],"wp:term":[{"taxonomy":"category","embeddable":true,"href":"https:\/\/archive.sana.sy\/es\/index.php?rest_route=%2Fwp%2Fv2%2Fcategories&post=176970"},{"taxonomy":"post_tag","embeddable":true,"href":"https:\/\/archive.sana.sy\/es\/index.php?rest_route=%2Fwp%2Fv2%2Ftags&post=176970"}],"curies":[{"name":"wp","href":"https:\/\/api.w.org\/{rel}","templated":true}]}}