{"id":176974,"date":"2021-04-22T20:43:43","date_gmt":"2021-04-22T17:43:43","guid":{"rendered":"http:\/\/107.6.182.27\/es\/?p=176974"},"modified":"2023-01-09T14:05:44","modified_gmt":"2023-01-09T12:05:44","slug":"hasakeh-recibe-de-la-osm-ayuda-medica","status":"publish","type":"post","link":"https:\/\/archive.sana.sy\/es\/?p=176974","title":{"rendered":"Hasakeh recibe de la OMS ayuda m\u00e9dica"},"content":{"rendered":"<p style=\"text-align: justify;\"><span style=\"color: #800000;\"><strong>Hasakeh, SANA<\/strong><\/span><\/p>\n<p style=\"text-align: justify;\">La Direcci\u00f3n de Salud en la provincia de Hasakeh recibi\u00f3 hoy ayuda m\u00e9dica proporcionada de la Organizaci\u00f3n Mundial de la Salud para apoyar a los centros de salud y hospitales p\u00fablicos de la provincia.<\/p>\n<p style=\"text-align: justify;\">El director provincial de Salud, Issa Khalaf, inform\u00f3 a SANA que la ayuda se enmarca en la cooperaci\u00f3n continua con la OMS e incluye 1500 sesiones de di\u00e1lisis para adultos y 200 sesiones de di\u00e1lisis para ni\u00f1os, adem\u00e1s de medicamentos para infecciones y analg\u00e9sicos.<\/p>\n<p style=\"text-align: justify;\">Destac\u00f3 la importancia de esta ayuda m\u00e9dica para mejorar las condiciones de los servicios de salud que se brindan en la provincia.<\/p>\n<p style=\"text-align: justify;\"><strong><span style=\"color: #0000ff;\">sm\/rsh<\/span><\/strong><\/p>\n<div id='gallery-1' class='gallery galleryid-176974 gallery-columns-1 gallery-size-full'><figure class='gallery-item'>\n\t\t\t<div class='gallery-icon landscape'>\n\t\t\t\t<a href='https:\/\/archive.sana.sy\/es\/?attachment_id=176976'><img loading=\"lazy\" decoding=\"async\" width=\"660\" height=\"387\" src=\"https:\/\/archive.sana.sy\/es\/wp-content\/uploads\/2021\/04\/7-148.jpg\" class=\"attachment-full size-full\" alt=\"\" srcset=\"https:\/\/archive.sana.sy\/es\/wp-content\/uploads\/2021\/04\/7-148.jpg 660w, https:\/\/archive.sana.sy\/es\/wp-content\/uploads\/2021\/04\/7-148-300x176.jpg 300w, https:\/\/archive.sana.sy\/es\/wp-content\/uploads\/2021\/04\/7-148-150x88.jpg 150w\" sizes=\"(max-width: 660px) 100vw, 660px\" \/><\/a>\n\t\t\t<\/div><\/figure><figure class='gallery-item'>\n\t\t\t<div class='gallery-icon landscape'>\n\t\t\t\t<a href='https:\/\/archive.sana.sy\/es\/?attachment_id=176977'><img loading=\"lazy\" decoding=\"async\" width=\"660\" height=\"371\" src=\"https:\/\/archive.sana.sy\/es\/wp-content\/uploads\/2021\/04\/9-114.jpg\" class=\"attachment-full size-full\" alt=\"\" srcset=\"https:\/\/archive.sana.sy\/es\/wp-content\/uploads\/2021\/04\/9-114.jpg 660w, https:\/\/archive.sana.sy\/es\/wp-content\/uploads\/2021\/04\/9-114-300x169.jpg 300w, https:\/\/archive.sana.sy\/es\/wp-content\/uploads\/2021\/04\/9-114-150x84.jpg 150w\" sizes=\"(max-width: 660px) 100vw, 660px\" \/><\/a>\n\t\t\t<\/div><\/figure>\n\t\t<\/div>\n\n","protected":false},"excerpt":{"rendered":"<p>Hasakeh, SANA La Direcci\u00f3n de Salud en la provincia de Hasakeh recibi\u00f3 hoy ayuda m\u00e9dica proporcionada de la Organizaci\u00f3n Mundial de la Salud para apoyar a los centros de salud y hospitales p\u00fablicos de la provincia. El director provincial de Salud, Issa Khalaf, inform\u00f3 a SANA que la ayuda se enmarca en la cooperaci\u00f3n continua &hellip;<\/p>\n","protected":false},"author":39,"featured_media":176975,"comment_status":"closed","ping_status":"closed","sticky":false,"template":"","format":"standard","meta":{"footnotes":""},"categories":[477,597,476],"tags":[],"class_list":["post-176974","post","type-post","status-publish","format-standard","has-post-thumbnail","","category-noticias-edulcorantes","category-cinta-de-noticias","category-locales"],"_links":{"self":[{"href":"https:\/\/archive.sana.sy\/es\/index.php?rest_route=\/wp\/v2\/posts\/176974"}],"collection":[{"href":"https:\/\/archive.sana.sy\/es\/index.php?rest_route=\/wp\/v2\/posts"}],"about":[{"href":"https:\/\/archive.sana.sy\/es\/index.php?rest_route=\/wp\/v2\/types\/post"}],"author":[{"embeddable":true,"href":"https:\/\/archive.sana.sy\/es\/index.php?rest_route=\/wp\/v2\/users\/39"}],"replies":[{"embeddable":true,"href":"https:\/\/archive.sana.sy\/es\/index.php?rest_route=%2Fwp%2Fv2%2Fcomments&post=176974"}],"version-history":[{"count":0,"href":"https:\/\/archive.sana.sy\/es\/index.php?rest_route=\/wp\/v2\/posts\/176974\/revisions"}],"wp:featuredmedia":[{"embeddable":true,"href":"https:\/\/archive.sana.sy\/es\/index.php?rest_route=\/wp\/v2\/media\/176975"}],"wp:attachment":[{"href":"https:\/\/archive.sana.sy\/es\/index.php?rest_route=%2Fwp%2Fv2%2Fmedia&parent=176974"}],"wp:term":[{"taxonomy":"category","embeddable":true,"href":"https:\/\/archive.sana.sy\/es\/index.php?rest_route=%2Fwp%2Fv2%2Fcategories&post=176974"},{"taxonomy":"post_tag","embeddable":true,"href":"https:\/\/archive.sana.sy\/es\/index.php?rest_route=%2Fwp%2Fv2%2Ftags&post=176974"}],"curies":[{"name":"wp","href":"https:\/\/api.w.org\/{rel}","templated":true}]}}