{"id":177012,"date":"2021-04-23T10:16:13","date_gmt":"2021-04-23T07:16:13","guid":{"rendered":"http:\/\/107.6.182.27\/es\/?p=177012"},"modified":"2021-04-23T14:41:59","modified_gmt":"2021-04-23T11:41:59","slug":"ataque-con-misiles-contra-campamento-estadounidense-en-bagdad","status":"publish","type":"post","link":"https:\/\/archive.sana.sy\/es\/?p=177012","title":{"rendered":"Ataque con misiles contra campamento estadounidense en Bagdad"},"content":{"rendered":"<p style=\"text-align: justify;\"><span style=\"color: #800000;\"><strong>Bagdad, SANA<\/strong><\/span><\/p>\n<p style=\"text-align: justify;\">Una fuente de seguridad iraqu\u00ed anunci\u00f3 que un ataque con cohetes Katyusha se produjo contra un campamento de la ocupaci\u00f3n estadounidense cerca del aeropuerto de la capital, Bagdad.<\/p>\n<p style=\"text-align: justify;\">El portal Alsumaria News cit\u00f3 a la fuente diciendo que \u201ctres cohetes apuntaron, anoche, contra una base militar estadounidense cerca del aeropuerto de Bagdad, uno de los cuales cay\u00f3 cerca de la pista de aterrizaje.\u201d<\/p>\n<p style=\"text-align: justify;\">Tambi\u00e9n, activistas locales informaron que se escucharon las sirenas en el Campamento Victoria, cerca del Aeropuerto Internacional de Bagdad, donde hay fuerzas de la ocupaci\u00f3n estadounidense.<\/p>\n<p style=\"text-align: justify;\"><span style=\"color: #0000ff;\"><strong>sm\/fm<\/strong><\/span><\/p>\n","protected":false},"excerpt":{"rendered":"<p>Bagdad, SANA Una fuente de seguridad iraqu\u00ed anunci\u00f3 que un ataque con cohetes Katyusha se produjo contra un campamento de la ocupaci\u00f3n estadounidense cerca del aeropuerto de la capital, Bagdad. El portal Alsumaria News cit\u00f3 a la fuente diciendo que \u201ctres cohetes apuntaron, anoche, contra una base militar estadounidense cerca del aeropuerto de Bagdad, uno &hellip;<\/p>\n","protected":false},"author":39,"featured_media":177013,"comment_status":"closed","ping_status":"closed","sticky":false,"template":"","format":"standard","meta":{"footnotes":""},"categories":[597,456,7541],"tags":[],"class_list":["post-177012","post","type-post","status-publish","format-standard","has-post-thumbnail","","category-cinta-de-noticias","category-arabe-internacional-politica","category-ultimas-noticias"],"_links":{"self":[{"href":"https:\/\/archive.sana.sy\/es\/index.php?rest_route=\/wp\/v2\/posts\/177012"}],"collection":[{"href":"https:\/\/archive.sana.sy\/es\/index.php?rest_route=\/wp\/v2\/posts"}],"about":[{"href":"https:\/\/archive.sana.sy\/es\/index.php?rest_route=\/wp\/v2\/types\/post"}],"author":[{"embeddable":true,"href":"https:\/\/archive.sana.sy\/es\/index.php?rest_route=\/wp\/v2\/users\/39"}],"replies":[{"embeddable":true,"href":"https:\/\/archive.sana.sy\/es\/index.php?rest_route=%2Fwp%2Fv2%2Fcomments&post=177012"}],"version-history":[{"count":0,"href":"https:\/\/archive.sana.sy\/es\/index.php?rest_route=\/wp\/v2\/posts\/177012\/revisions"}],"wp:featuredmedia":[{"embeddable":true,"href":"https:\/\/archive.sana.sy\/es\/index.php?rest_route=\/wp\/v2\/media\/177013"}],"wp:attachment":[{"href":"https:\/\/archive.sana.sy\/es\/index.php?rest_route=%2Fwp%2Fv2%2Fmedia&parent=177012"}],"wp:term":[{"taxonomy":"category","embeddable":true,"href":"https:\/\/archive.sana.sy\/es\/index.php?rest_route=%2Fwp%2Fv2%2Fcategories&post=177012"},{"taxonomy":"post_tag","embeddable":true,"href":"https:\/\/archive.sana.sy\/es\/index.php?rest_route=%2Fwp%2Fv2%2Ftags&post=177012"}],"curies":[{"name":"wp","href":"https:\/\/api.w.org\/{rel}","templated":true}]}}