{"id":177025,"date":"2021-04-23T12:58:28","date_gmt":"2021-04-23T09:58:28","guid":{"rendered":"http:\/\/107.6.182.27\/es\/?p=177025"},"modified":"2023-01-10T15:14:19","modified_gmt":"2023-01-10T13:14:19","slug":"48-empresas-participan-en-el-mercado-caritativo-de-ramadan-en-provincia-de-tartous","status":"publish","type":"post","link":"https:\/\/archive.sana.sy\/es\/?p=177025","title":{"rendered":"48 empresas participan en el mercado caritativo de Ramad\u00e1n en provincia de Tartous"},"content":{"rendered":"<p style=\"text-align: justify;\"><strong><span style=\"color: #800000;\">Tartous, SANA<\/span><\/strong><\/p>\n<p style=\"text-align: justify;\">Con la participaci\u00f3n de 48 empresas y actores comerciales de varias provincias, arranc\u00f3 hoy en la provincia costera de Tartous, el 2\u00ba Mercado Caritativo de Ramad\u00e1n.<\/p>\n<p style=\"text-align: justify;\">El Ministro de Asuntos Religiosos (Awqaf), Muhammad Abd Al-Sattar Al-Sayyed, declar\u00f3 que los mercados ben\u00e9ficos se realizan en el marco de la solidaridad y el apoyo brindado por el gobierno y destac\u00f3 la satisfacci\u00f3n de los ciudadanos sobre esos eventos.<\/p>\n<p style=\"text-align: justify;\">Muhammad al-Omar, organizador del festival, confirm\u00f3 que el mercado tiene como objetivo apoyar a los ciudadanos, sobre todo, durante el sagrado mes de Ramad\u00e1n, al venderles los productos a precio de costo.<\/p>\n<p style=\"text-align: justify;\"><span style=\"color: #0000ff;\"><strong>sm\/fm<\/strong><\/span><\/p>\n<div id='gallery-1' class='gallery galleryid-177025 gallery-columns-1 gallery-size-full'><figure class='gallery-item'>\n\t\t\t<div class='gallery-icon landscape'>\n\t\t\t\t<a href='https:\/\/archive.sana.sy\/es\/?attachment_id=177028'><img loading=\"lazy\" decoding=\"async\" width=\"2560\" height=\"1706\" src=\"https:\/\/archive.sana.sy\/es\/wp-content\/uploads\/2021\/04\/2-42-2-scaled-1.jpg\" class=\"attachment-full size-full\" alt=\"\" srcset=\"https:\/\/archive.sana.sy\/es\/wp-content\/uploads\/2021\/04\/2-42-2-scaled-1.jpg 2560w, https:\/\/archive.sana.sy\/es\/wp-content\/uploads\/2021\/04\/2-42-2-scaled-1-300x200.jpg 300w, https:\/\/archive.sana.sy\/es\/wp-content\/uploads\/2021\/04\/2-42-2-scaled-1-1024x682.jpg 1024w, https:\/\/archive.sana.sy\/es\/wp-content\/uploads\/2021\/04\/2-42-2-scaled-1-150x100.jpg 150w, https:\/\/archive.sana.sy\/es\/wp-content\/uploads\/2021\/04\/2-42-2-scaled-1-768x512.jpg 768w, https:\/\/archive.sana.sy\/es\/wp-content\/uploads\/2021\/04\/2-42-2-scaled-1-1536x1024.jpg 1536w, https:\/\/archive.sana.sy\/es\/wp-content\/uploads\/2021\/04\/2-42-2-scaled-1-2048x1365.jpg 2048w\" sizes=\"(max-width: 2560px) 100vw, 2560px\" \/><\/a>\n\t\t\t<\/div><\/figure><figure class='gallery-item'>\n\t\t\t<div class='gallery-icon landscape'>\n\t\t\t\t<a href='https:\/\/archive.sana.sy\/es\/?attachment_id=177027'><img loading=\"lazy\" decoding=\"async\" width=\"2560\" height=\"1706\" src=\"https:\/\/archive.sana.sy\/es\/wp-content\/uploads\/2021\/04\/2-40-1-scaled-1.jpg\" class=\"attachment-full size-full\" alt=\"\" srcset=\"https:\/\/archive.sana.sy\/es\/wp-content\/uploads\/2021\/04\/2-40-1-scaled-1.jpg 2560w, https:\/\/archive.sana.sy\/es\/wp-content\/uploads\/2021\/04\/2-40-1-scaled-1-300x200.jpg 300w, https:\/\/archive.sana.sy\/es\/wp-content\/uploads\/2021\/04\/2-40-1-scaled-1-1024x682.jpg 1024w, https:\/\/archive.sana.sy\/es\/wp-content\/uploads\/2021\/04\/2-40-1-scaled-1-150x100.jpg 150w, https:\/\/archive.sana.sy\/es\/wp-content\/uploads\/2021\/04\/2-40-1-scaled-1-768x512.jpg 768w, https:\/\/archive.sana.sy\/es\/wp-content\/uploads\/2021\/04\/2-40-1-scaled-1-1536x1024.jpg 1536w, https:\/\/archive.sana.sy\/es\/wp-content\/uploads\/2021\/04\/2-40-1-scaled-1-2048x1365.jpg 2048w\" sizes=\"(max-width: 2560px) 100vw, 2560px\" \/><\/a>\n\t\t\t<\/div><\/figure><figure class='gallery-item'>\n\t\t\t<div class='gallery-icon landscape'>\n\t\t\t\t<a href='https:\/\/archive.sana.sy\/es\/?attachment_id=177033'><img loading=\"lazy\" decoding=\"async\" width=\"1772\" height=\"1181\" src=\"https:\/\/archive.sana.sy\/es\/wp-content\/uploads\/2021\/04\/176476300_5410255372381403_6775665357774218923_n.jpg\" class=\"attachment-full size-full\" alt=\"\" srcset=\"https:\/\/archive.sana.sy\/es\/wp-content\/uploads\/2021\/04\/176476300_5410255372381403_6775665357774218923_n.jpg 1772w, https:\/\/archive.sana.sy\/es\/wp-content\/uploads\/2021\/04\/176476300_5410255372381403_6775665357774218923_n-300x200.jpg 300w, https:\/\/archive.sana.sy\/es\/wp-content\/uploads\/2021\/04\/176476300_5410255372381403_6775665357774218923_n-1024x682.jpg 1024w, https:\/\/archive.sana.sy\/es\/wp-content\/uploads\/2021\/04\/176476300_5410255372381403_6775665357774218923_n-150x100.jpg 150w, https:\/\/archive.sana.sy\/es\/wp-content\/uploads\/2021\/04\/176476300_5410255372381403_6775665357774218923_n-768x512.jpg 768w, https:\/\/archive.sana.sy\/es\/wp-content\/uploads\/2021\/04\/176476300_5410255372381403_6775665357774218923_n-1536x1024.jpg 1536w\" sizes=\"(max-width: 1772px) 100vw, 1772px\" \/><\/a>\n\t\t\t<\/div><\/figure>\n\t\t<\/div>\n\n","protected":false},"excerpt":{"rendered":"<p>Tartous, SANA Con la participaci\u00f3n de 48 empresas y actores comerciales de varias provincias, arranc\u00f3 hoy en la provincia costera de Tartous, el 2\u00ba Mercado Caritativo de Ramad\u00e1n. El Ministro de Asuntos Religiosos (Awqaf), Muhammad Abd Al-Sattar Al-Sayyed, declar\u00f3 que los mercados ben\u00e9ficos se realizan en el marco de la solidaridad y el apoyo brindado &hellip;<\/p>\n","protected":false},"author":39,"featured_media":177026,"comment_status":"closed","ping_status":"closed","sticky":false,"template":"","format":"standard","meta":{"footnotes":""},"categories":[597,485,476,7541],"tags":[],"class_list":["post-177025","post","type-post","status-publish","format-standard","has-post-thumbnail","","category-cinta-de-noticias","category-informes-negocios-y-finanzas","category-locales","category-ultimas-noticias"],"_links":{"self":[{"href":"https:\/\/archive.sana.sy\/es\/index.php?rest_route=\/wp\/v2\/posts\/177025"}],"collection":[{"href":"https:\/\/archive.sana.sy\/es\/index.php?rest_route=\/wp\/v2\/posts"}],"about":[{"href":"https:\/\/archive.sana.sy\/es\/index.php?rest_route=\/wp\/v2\/types\/post"}],"author":[{"embeddable":true,"href":"https:\/\/archive.sana.sy\/es\/index.php?rest_route=\/wp\/v2\/users\/39"}],"replies":[{"embeddable":true,"href":"https:\/\/archive.sana.sy\/es\/index.php?rest_route=%2Fwp%2Fv2%2Fcomments&post=177025"}],"version-history":[{"count":0,"href":"https:\/\/archive.sana.sy\/es\/index.php?rest_route=\/wp\/v2\/posts\/177025\/revisions"}],"wp:featuredmedia":[{"embeddable":true,"href":"https:\/\/archive.sana.sy\/es\/index.php?rest_route=\/wp\/v2\/media\/177026"}],"wp:attachment":[{"href":"https:\/\/archive.sana.sy\/es\/index.php?rest_route=%2Fwp%2Fv2%2Fmedia&parent=177025"}],"wp:term":[{"taxonomy":"category","embeddable":true,"href":"https:\/\/archive.sana.sy\/es\/index.php?rest_route=%2Fwp%2Fv2%2Fcategories&post=177025"},{"taxonomy":"post_tag","embeddable":true,"href":"https:\/\/archive.sana.sy\/es\/index.php?rest_route=%2Fwp%2Fv2%2Ftags&post=177025"}],"curies":[{"name":"wp","href":"https:\/\/api.w.org\/{rel}","templated":true}]}}