{"id":177055,"date":"2021-04-23T20:10:13","date_gmt":"2021-04-23T17:10:13","guid":{"rendered":"http:\/\/107.6.182.27\/es\/?p=177055"},"modified":"2021-04-23T22:25:45","modified_gmt":"2021-04-23T19:25:45","slug":"figuras-de-la-ttribu-tayy-denuncian-practicas-agresivas-de-las-fds-contra-civiles-en-qamishli","status":"publish","type":"post","link":"https:\/\/archive.sana.sy\/es\/?p=177055","title":{"rendered":"Notables de la tribu Tai denuncian escalada agresiva de FDS contra civiles en Qamishli"},"content":{"rendered":"<p><span style=\"color: #800000;\">Hasakeh, SANA<\/span><\/p>\n<p style=\"text-align: justify;\">Los notables y dignatarios de la tribu \u00e1rabe siria Tai denunciaron las pol\u00edticas y pr\u00e1cticas agresivas de la milicia proestadounidense Fuerzas Democr\u00e1ticas de Siria \u201cFDS\u201d en la ciudad de Qamishli.<\/p>\n<p style=\"text-align: justify;\">Por medio de un comunicado, la tribu dirigi\u00f3 un llamamiento a las dem\u00e1s tribus y clanes en la regi\u00f3n siria de Yazira \u201cpara cerrar filas y enfrentar las violaciones de la milicia (FDS) apoyada por la ocupaci\u00f3n estadounidense, que sigue atacando con armas pesadas y veh\u00edculos blindados el barrio Tai en la ciudad de Qamishli\u201d.<\/p>\n<p style=\"text-align: justify;\">\u201cEl uso de armas y veh\u00edculos blindados por parte de FDS contra la poblaci\u00f3n civil constituye una traici\u00f3n al pueblo, la tierra y la historia\u201d, afirm\u00f3 el texto.<\/p>\n<p style=\"text-align: justify;\">La nota exhort\u00f3 a algunos miembros de las tribus involucradas en las filas de la milicia antes mencionada, a retirarse de inmediato y declarar la resistencia popular contra el ocupante estadounidense y sus herramientas con todo orgullo y honor\u201d.<\/p>\n<p style=\"text-align: justify;\">Se\u00f1al\u00f3 que la reciente escalada de pr\u00e1cticas terroristas de la milicia tiene como objetivo obstaculizar las elecciones presidenciales.<\/p>\n<p style=\"text-align: justify;\">\u201cLas tribus y clanes \u00e1rabes de la gobernaci\u00f3n de Hasakeh ratifican de nuevo su apoyo y respaldo al Ej\u00e9rcito \u00c1rabe Sirio en su lucha contra el terrorismo, y sus esfuerzos encaminados a garantizar la seguridad y estabilidad en todos los territorios sirios\u201d, concluy\u00f3 el comunicado.<\/p>\n<p><em>mm<\/em><\/p>\n","protected":false},"excerpt":{"rendered":"<p>Hasakeh, SANA Los notables y dignatarios de la tribu \u00e1rabe siria Tai denunciaron las pol\u00edticas y pr\u00e1cticas agresivas de la milicia proestadounidense Fuerzas Democr\u00e1ticas de Siria \u201cFDS\u201d en la ciudad de Qamishli. Por medio de un comunicado, la tribu dirigi\u00f3 un llamamiento a las dem\u00e1s tribus y clanes en la regi\u00f3n siria de Yazira \u201cpara &hellip;<\/p>\n","protected":false},"author":36,"featured_media":177057,"comment_status":"closed","ping_status":"closed","sticky":false,"template":"","format":"standard","meta":{"footnotes":""},"categories":[597,476,7541],"tags":[],"class_list":["post-177055","post","type-post","status-publish","format-standard","has-post-thumbnail","","category-cinta-de-noticias","category-locales","category-ultimas-noticias"],"_links":{"self":[{"href":"https:\/\/archive.sana.sy\/es\/index.php?rest_route=\/wp\/v2\/posts\/177055"}],"collection":[{"href":"https:\/\/archive.sana.sy\/es\/index.php?rest_route=\/wp\/v2\/posts"}],"about":[{"href":"https:\/\/archive.sana.sy\/es\/index.php?rest_route=\/wp\/v2\/types\/post"}],"author":[{"embeddable":true,"href":"https:\/\/archive.sana.sy\/es\/index.php?rest_route=\/wp\/v2\/users\/36"}],"replies":[{"embeddable":true,"href":"https:\/\/archive.sana.sy\/es\/index.php?rest_route=%2Fwp%2Fv2%2Fcomments&post=177055"}],"version-history":[{"count":0,"href":"https:\/\/archive.sana.sy\/es\/index.php?rest_route=\/wp\/v2\/posts\/177055\/revisions"}],"wp:featuredmedia":[{"embeddable":true,"href":"https:\/\/archive.sana.sy\/es\/index.php?rest_route=\/wp\/v2\/media\/177057"}],"wp:attachment":[{"href":"https:\/\/archive.sana.sy\/es\/index.php?rest_route=%2Fwp%2Fv2%2Fmedia&parent=177055"}],"wp:term":[{"taxonomy":"category","embeddable":true,"href":"https:\/\/archive.sana.sy\/es\/index.php?rest_route=%2Fwp%2Fv2%2Fcategories&post=177055"},{"taxonomy":"post_tag","embeddable":true,"href":"https:\/\/archive.sana.sy\/es\/index.php?rest_route=%2Fwp%2Fv2%2Ftags&post=177055"}],"curies":[{"name":"wp","href":"https:\/\/api.w.org\/{rel}","templated":true}]}}