{"id":177068,"date":"2021-04-23T16:44:41","date_gmt":"2021-04-23T13:44:41","guid":{"rendered":"http:\/\/107.6.182.27\/es\/?p=177068"},"modified":"2021-04-23T19:29:40","modified_gmt":"2021-04-23T16:29:40","slug":"reportan-incendio-en-campamento-de-desplazados-sirios-en-el-libano","status":"publish","type":"post","link":"https:\/\/archive.sana.sy\/es\/?p=177068","title":{"rendered":"Falleci\u00f3 un ni\u00f1o por incendio en campamento de refugiados sirios en el L\u00edbano"},"content":{"rendered":"<p style=\"text-align: justify;\"><span style=\"color: #800000;\">Beirut, SANA<\/span><\/p>\n<p style=\"text-align: justify;\">Un ni\u00f1o perdi\u00f3 la vida por un incendio en el campamento de desplazados sirios ubicado en la localidad de Bhannine, en la zona de Akkar, en el norte del L\u00edbano, inform\u00f3 la prensa local.<\/p>\n<p style=\"text-align: justify;\">Seg\u00fan la agencia nacional libanesa de noticias, varios residentes resultaron heridos. El siniestro quem\u00f3 unas 10 tiendas y el cuerpo de bomberos de la regi\u00f3n logr\u00f3 extinguir el fuego.<\/p>\n<p style=\"text-align: justify;\">La causa del incendio a\u00fan se desconoce mientras las fuerzas de seguridad del pa\u00eds acudieron al lugar para investigar el asunto.<\/p>\n<p style=\"text-align: justify;\">El 27 del pasado mes de diciembre, ciudadanos libaneses incendiaron un campamento para sirios desplazados, en la localidad de Al-Minieh en la regi\u00f3n de Akkar, en el norte del pa\u00eds.<\/p>\n<p><em>mm<\/em><\/p>\n","protected":false},"excerpt":{"rendered":"<p>Beirut, SANA Un ni\u00f1o perdi\u00f3 la vida por un incendio en el campamento de desplazados sirios ubicado en la localidad de Bhannine, en la zona de Akkar, en el norte del L\u00edbano, inform\u00f3 la prensa local. Seg\u00fan la agencia nacional libanesa de noticias, varios residentes resultaron heridos. El siniestro quem\u00f3 unas 10 tiendas y el &hellip;<\/p>\n","protected":false},"author":36,"featured_media":177069,"comment_status":"closed","ping_status":"closed","sticky":false,"template":"","format":"standard","meta":{"footnotes":""},"categories":[597,467,7541],"tags":[],"class_list":["post-177068","post","type-post","status-publish","format-standard","has-post-thumbnail","","category-cinta-de-noticias","category-siria-y-el-mundo","category-ultimas-noticias"],"_links":{"self":[{"href":"https:\/\/archive.sana.sy\/es\/index.php?rest_route=\/wp\/v2\/posts\/177068"}],"collection":[{"href":"https:\/\/archive.sana.sy\/es\/index.php?rest_route=\/wp\/v2\/posts"}],"about":[{"href":"https:\/\/archive.sana.sy\/es\/index.php?rest_route=\/wp\/v2\/types\/post"}],"author":[{"embeddable":true,"href":"https:\/\/archive.sana.sy\/es\/index.php?rest_route=\/wp\/v2\/users\/36"}],"replies":[{"embeddable":true,"href":"https:\/\/archive.sana.sy\/es\/index.php?rest_route=%2Fwp%2Fv2%2Fcomments&post=177068"}],"version-history":[{"count":0,"href":"https:\/\/archive.sana.sy\/es\/index.php?rest_route=\/wp\/v2\/posts\/177068\/revisions"}],"wp:featuredmedia":[{"embeddable":true,"href":"https:\/\/archive.sana.sy\/es\/index.php?rest_route=\/wp\/v2\/media\/177069"}],"wp:attachment":[{"href":"https:\/\/archive.sana.sy\/es\/index.php?rest_route=%2Fwp%2Fv2%2Fmedia&parent=177068"}],"wp:term":[{"taxonomy":"category","embeddable":true,"href":"https:\/\/archive.sana.sy\/es\/index.php?rest_route=%2Fwp%2Fv2%2Fcategories&post=177068"},{"taxonomy":"post_tag","embeddable":true,"href":"https:\/\/archive.sana.sy\/es\/index.php?rest_route=%2Fwp%2Fv2%2Ftags&post=177068"}],"curies":[{"name":"wp","href":"https:\/\/api.w.org\/{rel}","templated":true}]}}