{"id":177076,"date":"2021-04-23T19:12:55","date_gmt":"2021-04-23T16:12:55","guid":{"rendered":"http:\/\/107.6.182.27\/es\/?p=177076"},"modified":"2021-04-23T21:32:54","modified_gmt":"2021-04-23T18:32:54","slug":"participar-en-las-elecciones-forma-parte-de-la-batalla-de-firmeza-ante-el-terrorismo-afirman-empleados-del-sector-educativo","status":"publish","type":"post","link":"https:\/\/archive.sana.sy\/es\/?p=177076","title":{"rendered":"Personal docente de Siria reafirma participaci\u00f3n activa en pr\u00f3ximas elecciones presidenciales"},"content":{"rendered":"<p><span style=\"color: #800000;\">Damasco, SANA<\/span><\/p>\n<p style=\"text-align: justify;\">El personal del sector educativo, como el resto de los segmentos de la sociedad siria, esperan la fecha de las elecciones presidenciales previstas para el 26 de mayo pr\u00f3ximo para participar, sobre todo porque esos comicios forman parte de la batalla frente al terrorismo y de resistencia al injusto asedio impuesto a Siria.<\/p>\n<p style=\"text-align: justify;\">Jaafar Nasr, del Departamento de Educaci\u00f3n Secundaria dijo a SANA que participar en las elecciones es un \u201cdeber nacional y derecho constitucional\u201d, y enfatiz\u00f3 que la participaci\u00f3n representa una consagraci\u00f3n de la democracia y una lealtad a la sangre de los m\u00e1rtires y los sacrificios frente al terrorismo.<\/p>\n<p style=\"text-align: justify;\">Por su parte, Ghaithha al-Abbas, trabajadora del sector educativo y hermana de cuatro m\u00e1rtires, declar\u00f3 que las elecciones se efect\u00faan gracias a los sacrificios de los m\u00e1rtires que dieron su vida para que Siria permanezca firme e independiente con sus decisiones que preservan la dignidad de sus ciudadanos y sus derechos constitucionales.<\/p>\n<p style=\"text-align: justify;\">A su vez, Rania Suleiman destac\u00f3 la importancia de esos comicios tras m\u00e1s de 10 a\u00f1os de injusta guerra terrorista y convoc\u00f3 a todos a unirse para participar en los mismos.<\/p>\n<p style=\"text-align: justify;\">Maya Donna ratific\u00f3 que la participaci\u00f3n en las elecciones es un asunto interno que concierne solo a los sirios y representan un derecho y deber de todo ciudadano.<\/p>\n<p style=\"text-align: justify;\">El pasado d\u00eda 18 del mes en curso, el Presidente de la Asamblea del Pueblo (Parlamento), Hamoudah Sabbag, anunci\u00f3 que a partir del lunes, 19 de abril, las personas pueden postularse a las elecciones presidenciales y presentar sus solicitudes de candidatura al Tribunal Constitucional Supremo en un plazo de 10 d\u00edas que finaliza a t\u00e9rmino de la jornada laboral del mi\u00e9rcoles, 28 de abril.<\/p>\n<p><em>mm\/fm<\/em><\/p>\n","protected":false},"excerpt":{"rendered":"<p>Damasco, SANA El personal del sector educativo, como el resto de los segmentos de la sociedad siria, esperan la fecha de las elecciones presidenciales previstas para el 26 de mayo pr\u00f3ximo para participar, sobre todo porque esos comicios forman parte de la batalla frente al terrorismo y de resistencia al injusto asedio impuesto a Siria. &hellip;<\/p>\n","protected":false},"author":36,"featured_media":177077,"comment_status":"closed","ping_status":"closed","sticky":false,"template":"","format":"standard","meta":{"footnotes":""},"categories":[597,476,7541],"tags":[],"class_list":["post-177076","post","type-post","status-publish","format-standard","has-post-thumbnail","","category-cinta-de-noticias","category-locales","category-ultimas-noticias"],"_links":{"self":[{"href":"https:\/\/archive.sana.sy\/es\/index.php?rest_route=\/wp\/v2\/posts\/177076"}],"collection":[{"href":"https:\/\/archive.sana.sy\/es\/index.php?rest_route=\/wp\/v2\/posts"}],"about":[{"href":"https:\/\/archive.sana.sy\/es\/index.php?rest_route=\/wp\/v2\/types\/post"}],"author":[{"embeddable":true,"href":"https:\/\/archive.sana.sy\/es\/index.php?rest_route=\/wp\/v2\/users\/36"}],"replies":[{"embeddable":true,"href":"https:\/\/archive.sana.sy\/es\/index.php?rest_route=%2Fwp%2Fv2%2Fcomments&post=177076"}],"version-history":[{"count":0,"href":"https:\/\/archive.sana.sy\/es\/index.php?rest_route=\/wp\/v2\/posts\/177076\/revisions"}],"wp:featuredmedia":[{"embeddable":true,"href":"https:\/\/archive.sana.sy\/es\/index.php?rest_route=\/wp\/v2\/media\/177077"}],"wp:attachment":[{"href":"https:\/\/archive.sana.sy\/es\/index.php?rest_route=%2Fwp%2Fv2%2Fmedia&parent=177076"}],"wp:term":[{"taxonomy":"category","embeddable":true,"href":"https:\/\/archive.sana.sy\/es\/index.php?rest_route=%2Fwp%2Fv2%2Fcategories&post=177076"},{"taxonomy":"post_tag","embeddable":true,"href":"https:\/\/archive.sana.sy\/es\/index.php?rest_route=%2Fwp%2Fv2%2Ftags&post=177076"}],"curies":[{"name":"wp","href":"https:\/\/api.w.org\/{rel}","templated":true}]}}