{"id":177094,"date":"2021-04-23T20:16:46","date_gmt":"2021-04-23T17:16:46","guid":{"rendered":"http:\/\/107.6.182.27\/es\/?p=177094"},"modified":"2021-04-26T07:25:35","modified_gmt":"2021-04-26T04:25:35","slug":"parlamentarios-de-siria-rechazan-injerencia-externa-en-elecciones-presidenciales","status":"publish","type":"post","link":"https:\/\/archive.sana.sy\/es\/?p=177094","title":{"rendered":"Parlamentarios de Siria rechazan injerencia externa en elecciones presidenciales"},"content":{"rendered":"<p><span style=\"color: #800000;\">Damasco, SANA<\/span><\/p>\n<p style=\"text-align: justify;\">El Consejo del Pueblo (Parlamento) manifest\u00f3 su rechazo a todo tipo de injerencia extranjera en cualquier asunto interno de Siria, en particular el derecho a las elecciones presidenciales, que representan un derecho y deber nacional y constitucional para todos los ciudadanos sirios.<\/p>\n<p style=\"text-align: justify;\">Eso fue expresado durante la sexta sesi\u00f3n del segundo per\u00edodo extraordinario del Parlamento celebrada este viernes.<\/p>\n<p style=\"text-align: justify;\">Los diputados aseguraron que la guerra contra Siria no logr\u00f3 doblegar la f\u00e9rrea voluntad de los sirios que cada d\u00eda insisten m\u00e1s y m\u00e1s a participar en las elecciones en su fecha prevista.<\/p>\n<p><span style=\"color: #0000ff;\">rr\/fm<\/span><\/p>\n","protected":false},"excerpt":{"rendered":"<p>Damasco, SANA El Consejo del Pueblo (Parlamento) manifest\u00f3 su rechazo a todo tipo de injerencia extranjera en cualquier asunto interno de Siria, en particular el derecho a las elecciones presidenciales, que representan un derecho y deber nacional y constitucional para todos los ciudadanos sirios. Eso fue expresado durante la sexta sesi\u00f3n del segundo per\u00edodo extraordinario &hellip;<\/p>\n","protected":false},"author":31,"featured_media":177095,"comment_status":"closed","ping_status":"closed","sticky":false,"template":"","format":"standard","meta":{"footnotes":""},"categories":[597,19009,476,7541],"tags":[],"class_list":["post-177094","post","type-post","status-publish","format-standard","has-post-thumbnail","","category-cinta-de-noticias","category-elecciones-presidenciales-2021","category-locales","category-ultimas-noticias"],"_links":{"self":[{"href":"https:\/\/archive.sana.sy\/es\/index.php?rest_route=\/wp\/v2\/posts\/177094"}],"collection":[{"href":"https:\/\/archive.sana.sy\/es\/index.php?rest_route=\/wp\/v2\/posts"}],"about":[{"href":"https:\/\/archive.sana.sy\/es\/index.php?rest_route=\/wp\/v2\/types\/post"}],"author":[{"embeddable":true,"href":"https:\/\/archive.sana.sy\/es\/index.php?rest_route=\/wp\/v2\/users\/31"}],"replies":[{"embeddable":true,"href":"https:\/\/archive.sana.sy\/es\/index.php?rest_route=%2Fwp%2Fv2%2Fcomments&post=177094"}],"version-history":[{"count":0,"href":"https:\/\/archive.sana.sy\/es\/index.php?rest_route=\/wp\/v2\/posts\/177094\/revisions"}],"wp:featuredmedia":[{"embeddable":true,"href":"https:\/\/archive.sana.sy\/es\/index.php?rest_route=\/wp\/v2\/media\/177095"}],"wp:attachment":[{"href":"https:\/\/archive.sana.sy\/es\/index.php?rest_route=%2Fwp%2Fv2%2Fmedia&parent=177094"}],"wp:term":[{"taxonomy":"category","embeddable":true,"href":"https:\/\/archive.sana.sy\/es\/index.php?rest_route=%2Fwp%2Fv2%2Fcategories&post=177094"},{"taxonomy":"post_tag","embeddable":true,"href":"https:\/\/archive.sana.sy\/es\/index.php?rest_route=%2Fwp%2Fv2%2Ftags&post=177094"}],"curies":[{"name":"wp","href":"https:\/\/api.w.org\/{rel}","templated":true}]}}