{"id":177151,"date":"2021-04-24T09:14:06","date_gmt":"2021-04-24T06:14:06","guid":{"rendered":"http:\/\/107.6.182.27\/es\/?p=177151"},"modified":"2021-04-24T09:14:06","modified_gmt":"2021-04-24T06:14:06","slug":"cascos-blancos-y-terroristas-preparan-ataque-quimico-de-falsa-bandera-en-idleb","status":"publish","type":"post","link":"https:\/\/archive.sana.sy\/es\/?p=177151","title":{"rendered":"Cascos Blancos y terroristas preparan ataque qu\u00edmico de falsa bandera en Idleb"},"content":{"rendered":"<p style=\"text-align: justify;\"><strong><span style=\"color: #800000;\">Mosc\u00fa, SANA<\/span><\/strong><\/p>\n<p style=\"text-align: justify;\">El Ministerio de Defensa ruso anunci\u00f3 que dispone de pruebas irrefutables que las organizaciones terroristas desplegadas en Idlib se est\u00e1n preparando para realizar nuevas provocaciones con armas qu\u00edmicas para culpar al ej\u00e9rcito nacional de Siria.<\/p>\n<p style=\"text-align: justify;\">El subjefe del Centro Ruso de Coordinaci\u00f3n en Siria, Alexander K\u00e1rpov, subray\u00f3 que el centro recibi\u00f3 informaci\u00f3n sobre preparativos de los terroristas para utilizar sustancias t\u00f3xicas para escenificar ataques qu\u00edmicos contra varias localidades ubicadas en el campo de Idleb en cooperaci\u00f3n con los llamados Cascos Blancos.<\/p>\n<p style=\"text-align: justify;\">\u201cEstas fabricaciones son parte de un escenario inventado por los yihadistas e integrantes de Cascos Blancos para desacreditar al Estado sirio\u201d, agreg\u00f3 .<\/p>\n<p style=\"text-align: justify;\">Eso ocurre en el contexto de la decisi\u00f3n aprobada recientemente por la Organizaci\u00f3n para la Prohibici\u00f3n de las Armas Qu\u00edmicas (OPAQ) para restringir los derechos de Siria en la organizaci\u00f3n, especialmente neg\u00e1ndole el derecho al voto.<\/p>\n<p style=\"text-align: justify;\">Los Cascos Blancos junto a los terroristas escenifican frecuentemente falsos ataques qu\u00edmicos para acusar al ej\u00e9rcito sirio.<\/p>\n<p style=\"text-align: justify;\"><span style=\"color: #0000ff;\"><strong>ws\/fm<\/strong><\/span><\/p>\n","protected":false},"excerpt":{"rendered":"<p>Mosc\u00fa, SANA El Ministerio de Defensa ruso anunci\u00f3 que dispone de pruebas irrefutables que las organizaciones terroristas desplegadas en Idlib se est\u00e1n preparando para realizar nuevas provocaciones con armas qu\u00edmicas para culpar al ej\u00e9rcito nacional de Siria. El subjefe del Centro Ruso de Coordinaci\u00f3n en Siria, Alexander K\u00e1rpov, subray\u00f3 que el centro recibi\u00f3 informaci\u00f3n sobre &hellip;<\/p>\n","protected":false},"author":35,"featured_media":177152,"comment_status":"closed","ping_status":"closed","sticky":false,"template":"","format":"standard","meta":{"footnotes":""},"categories":[597,467,7541],"tags":[],"class_list":["post-177151","post","type-post","status-publish","format-standard","has-post-thumbnail","","category-cinta-de-noticias","category-siria-y-el-mundo","category-ultimas-noticias"],"_links":{"self":[{"href":"https:\/\/archive.sana.sy\/es\/index.php?rest_route=\/wp\/v2\/posts\/177151"}],"collection":[{"href":"https:\/\/archive.sana.sy\/es\/index.php?rest_route=\/wp\/v2\/posts"}],"about":[{"href":"https:\/\/archive.sana.sy\/es\/index.php?rest_route=\/wp\/v2\/types\/post"}],"author":[{"embeddable":true,"href":"https:\/\/archive.sana.sy\/es\/index.php?rest_route=\/wp\/v2\/users\/35"}],"replies":[{"embeddable":true,"href":"https:\/\/archive.sana.sy\/es\/index.php?rest_route=%2Fwp%2Fv2%2Fcomments&post=177151"}],"version-history":[{"count":0,"href":"https:\/\/archive.sana.sy\/es\/index.php?rest_route=\/wp\/v2\/posts\/177151\/revisions"}],"wp:featuredmedia":[{"embeddable":true,"href":"https:\/\/archive.sana.sy\/es\/index.php?rest_route=\/wp\/v2\/media\/177152"}],"wp:attachment":[{"href":"https:\/\/archive.sana.sy\/es\/index.php?rest_route=%2Fwp%2Fv2%2Fmedia&parent=177151"}],"wp:term":[{"taxonomy":"category","embeddable":true,"href":"https:\/\/archive.sana.sy\/es\/index.php?rest_route=%2Fwp%2Fv2%2Fcategories&post=177151"},{"taxonomy":"post_tag","embeddable":true,"href":"https:\/\/archive.sana.sy\/es\/index.php?rest_route=%2Fwp%2Fv2%2Ftags&post=177151"}],"curies":[{"name":"wp","href":"https:\/\/api.w.org\/{rel}","templated":true}]}}