{"id":177227,"date":"2021-04-24T18:23:29","date_gmt":"2021-04-24T15:23:29","guid":{"rendered":"http:\/\/107.6.182.27\/es\/?p=177227"},"modified":"2023-01-10T14:29:13","modified_gmt":"2023-01-10T12:29:13","slug":"ataque-con-dron-contra-un-buque-petrolero-frente-a-las-costas-sirias","status":"publish","type":"post","link":"https:\/\/archive.sana.sy\/es\/?p=177227","title":{"rendered":"Ataque con dron contra un buque petrolero frente a las costas sirias"},"content":{"rendered":"<p style=\"text-align: justify;\"><strong><span style=\"color: #800000;\">Tartous, SANA<\/span><\/strong><\/p>\n<p style=\"text-align: justify;\">El Ministerio de Petr\u00f3leo anunci\u00f3 que los equipos de bomberos controlaron un incendio en uno de los tanques de un petrolero frente al puerto petrolero de la ciudad costera siria de Banias.<\/p>\n<p style=\"text-align: justify;\">\u201cEl incendio estall\u00f3 despu\u00e9s de que el petrolero fuera atacado por un dron que provino de la direcci\u00f3n de las aguas territoriales libanesas\u201d, aclar\u00f3 el Ministerio.<\/p>\n<p style=\"text-align: justify;\"><span style=\"color: #0000ff;\"><strong>fm\/ah\/rr<\/strong><\/span><\/p>\n","protected":false},"excerpt":{"rendered":"<p>Tartous, SANA El Ministerio de Petr\u00f3leo anunci\u00f3 que los equipos de bomberos controlaron un incendio en uno de los tanques de un petrolero frente al puerto petrolero de la ciudad costera siria de Banias. \u201cEl incendio estall\u00f3 despu\u00e9s de que el petrolero fuera atacado por un dron que provino de la direcci\u00f3n de las aguas &hellip;<\/p>\n","protected":false},"author":31,"featured_media":177228,"comment_status":"closed","ping_status":"closed","sticky":false,"template":"","format":"standard","meta":{"footnotes":""},"categories":[477,447,597,573,476,457,7541],"tags":[],"class_list":["post-177227","post","type-post","status-publish","format-standard","has-post-thumbnail","","category-noticias-edulcorantes","category-local-politica","category-cinta-de-noticias","category-la-realidad-de-los-acontecimientos-en-siria","category-locales","category-noticias-arabe-internacional-politica","category-ultimas-noticias"],"_links":{"self":[{"href":"https:\/\/archive.sana.sy\/es\/index.php?rest_route=\/wp\/v2\/posts\/177227"}],"collection":[{"href":"https:\/\/archive.sana.sy\/es\/index.php?rest_route=\/wp\/v2\/posts"}],"about":[{"href":"https:\/\/archive.sana.sy\/es\/index.php?rest_route=\/wp\/v2\/types\/post"}],"author":[{"embeddable":true,"href":"https:\/\/archive.sana.sy\/es\/index.php?rest_route=\/wp\/v2\/users\/31"}],"replies":[{"embeddable":true,"href":"https:\/\/archive.sana.sy\/es\/index.php?rest_route=%2Fwp%2Fv2%2Fcomments&post=177227"}],"version-history":[{"count":0,"href":"https:\/\/archive.sana.sy\/es\/index.php?rest_route=\/wp\/v2\/posts\/177227\/revisions"}],"wp:featuredmedia":[{"embeddable":true,"href":"https:\/\/archive.sana.sy\/es\/index.php?rest_route=\/wp\/v2\/media\/177228"}],"wp:attachment":[{"href":"https:\/\/archive.sana.sy\/es\/index.php?rest_route=%2Fwp%2Fv2%2Fmedia&parent=177227"}],"wp:term":[{"taxonomy":"category","embeddable":true,"href":"https:\/\/archive.sana.sy\/es\/index.php?rest_route=%2Fwp%2Fv2%2Fcategories&post=177227"},{"taxonomy":"post_tag","embeddable":true,"href":"https:\/\/archive.sana.sy\/es\/index.php?rest_route=%2Fwp%2Fv2%2Ftags&post=177227"}],"curies":[{"name":"wp","href":"https:\/\/api.w.org\/{rel}","templated":true}]}}