{"id":177327,"date":"2021-04-25T18:22:04","date_gmt":"2021-04-25T15:22:04","guid":{"rendered":"http:\/\/107.6.182.27\/es\/?p=177327"},"modified":"2023-01-12T14:41:31","modified_gmt":"2023-01-12T12:41:31","slug":"caravanas-en-cuba-y-el-mundo-para-exigir-el-fin-del-injusto-bloqueo-de-eeuu","status":"publish","type":"post","link":"https:\/\/archive.sana.sy\/es\/?p=177327","title":{"rendered":"Caravanas en Cuba y el mundo para exigir el fin del injusto bloqueo de EEUU"},"content":{"rendered":"<p style=\"text-align: justify;\"><span style=\"color: #800000;\"><strong>La Habana, SANA<\/strong><\/span><\/p>\n<p style=\"text-align: justify;\">Miles de cubanos desfilaron hoy dentro y fuera del pa\u00eds para exigir el fin del bloqueo estadounidense impuesto a Cuba desde hace d\u00e9cadas.<\/p>\n<p style=\"text-align: justify;\">La agencia France Presse divulg\u00f3 que residentes de la ciudad de Santa Clara se manifestaron hoy portando banderas cubanas y pancartas en denuncia a la pol\u00edtica de Washington hacia su pa\u00eds y exigiendo el levantamiento del embargo.<\/p>\n<p style=\"text-align: justify;\">En una de las pancartas figura la frase \u201c\u00a1Abajo el bloqueo!\u201d, en otra &#8220;Unidos por Cuba&#8221; y una tercera dice &#8220;Patria o Muerte&#8221;.<br \/>\nEn la ciudad de Las Tunas, una caravana exigi\u00f3 poner fin al ilegal bloqueo estadounidense impuesto al pueblo cubano.<\/p>\n<p style=\"text-align: justify;\">Asimismo, los expatriados cubanos organizaron manifestaciones en 20 ciudades de Estados Unidos que exigen el fin del bloqueo estadounidense impuesto a su patria.<\/p>\n<p style=\"text-align: justify;\">Por su parte, el presidente cubano Miguel D\u00edaz-Canel, expres\u00f3 que la caravana mundial contra el bloqueo se hab\u00eda convertido en una ola imparable.<\/p>\n<p style=\"text-align: justify;\">&#8220;En medio de la pandemia global, miles de personas salieron a las calles para exigir que Estados Unidos ponga fin al embargo&#8221;, tuite\u00f3 Canel.<\/p>\n<p style=\"text-align: justify;\">La anterior administraci\u00f3n estadounidense, encabezada por Donald Trump, recrudeci\u00f3 el bloqueo impuesto a Cuba desde 1962.<\/p>\n<p style=\"text-align: justify;\"><span style=\"color: #0000ff;\"><strong>ah\/fm<\/strong><\/span><\/p>\n","protected":false},"excerpt":{"rendered":"<p>La Habana, SANA Miles de cubanos desfilaron hoy dentro y fuera del pa\u00eds para exigir el fin del bloqueo estadounidense impuesto a Cuba desde hace d\u00e9cadas. La agencia France Presse divulg\u00f3 que residentes de la ciudad de Santa Clara se manifestaron hoy portando banderas cubanas y pancartas en denuncia a la pol\u00edtica de Washington hacia &hellip;<\/p>\n","protected":false},"author":30,"featured_media":177328,"comment_status":"closed","ping_status":"closed","sticky":false,"template":"","format":"standard","meta":{"footnotes":""},"categories":[597,456,7541],"tags":[19007],"class_list":["post-177327","post","type-post","status-publish","format-standard","has-post-thumbnail","","category-cinta-de-noticias","category-arabe-internacional-politica","category-ultimas-noticias","tag-caravanas-en-cuba-y-el-mundo-para-exigir-el-fin-del-injusto-bloqueo-de-eeuu"],"_links":{"self":[{"href":"https:\/\/archive.sana.sy\/es\/index.php?rest_route=\/wp\/v2\/posts\/177327"}],"collection":[{"href":"https:\/\/archive.sana.sy\/es\/index.php?rest_route=\/wp\/v2\/posts"}],"about":[{"href":"https:\/\/archive.sana.sy\/es\/index.php?rest_route=\/wp\/v2\/types\/post"}],"author":[{"embeddable":true,"href":"https:\/\/archive.sana.sy\/es\/index.php?rest_route=\/wp\/v2\/users\/30"}],"replies":[{"embeddable":true,"href":"https:\/\/archive.sana.sy\/es\/index.php?rest_route=%2Fwp%2Fv2%2Fcomments&post=177327"}],"version-history":[{"count":0,"href":"https:\/\/archive.sana.sy\/es\/index.php?rest_route=\/wp\/v2\/posts\/177327\/revisions"}],"wp:featuredmedia":[{"embeddable":true,"href":"https:\/\/archive.sana.sy\/es\/index.php?rest_route=\/wp\/v2\/media\/177328"}],"wp:attachment":[{"href":"https:\/\/archive.sana.sy\/es\/index.php?rest_route=%2Fwp%2Fv2%2Fmedia&parent=177327"}],"wp:term":[{"taxonomy":"category","embeddable":true,"href":"https:\/\/archive.sana.sy\/es\/index.php?rest_route=%2Fwp%2Fv2%2Fcategories&post=177327"},{"taxonomy":"post_tag","embeddable":true,"href":"https:\/\/archive.sana.sy\/es\/index.php?rest_route=%2Fwp%2Fv2%2Ftags&post=177327"}],"curies":[{"name":"wp","href":"https:\/\/api.w.org\/{rel}","templated":true}]}}