{"id":177444,"date":"2021-04-27T13:00:20","date_gmt":"2021-04-27T10:00:20","guid":{"rendered":"http:\/\/107.6.182.27\/es\/?p=177444"},"modified":"2021-04-27T14:12:19","modified_gmt":"2021-04-27T11:12:19","slug":"nueva-ronda-de-conversaciones-de-astana-sobre-siria-se-celebrara-el-proximo-verano","status":"publish","type":"post","link":"https:\/\/archive.sana.sy\/es\/?p=177444","title":{"rendered":"Nueva ronda de conversaciones de Astan\u00e1 sobre Siria se celebrar\u00e1 el pr\u00f3ximo verano"},"content":{"rendered":"<p style=\"text-align: justify;\"><span style=\"color: #800000;\"><strong>Nur-Sultan, SANA<\/strong> <\/span><\/p>\n<p style=\"text-align: justify;\">La Oficina de Prensa del Ministerio de Relaciones Exteriores de Kazajst\u00e1n anunci\u00f3 que la nueva ronda de conversaciones de Astan\u00e1 sobre Siria se realizar\u00e1 en Nur-Sultan el pr\u00f3ximo verano.<\/p>\n<p style=\"text-align: justify;\">&#8220;Todo depende de la situaci\u00f3n epidemiol\u00f3gica y de salud vinculada al Coronavirus&#8221;, agreg\u00f3.<\/p>\n<p style=\"text-align: justify;\">El representante de la oficina de prensa dijo en entrevista con la Agencia Novosti: &#8220;Ciertamente no habr\u00e1 reuni\u00f3n el pr\u00f3ximo mes de mayo y se espera que tenga lugar este verano, pero todo depender\u00e1 de la situaci\u00f3n sanitaria y epidemiolog\u00eda en el pa\u00eds \u201d.<\/p>\n<p style=\"text-align: justify;\">Los estados garantes del proceso de Astan\u00e1 afirmaron durante sus reuniones anteriores su compromiso con la soberan\u00eda, unidad e integridad territorial de Siria.<\/p>\n<p style=\"text-align: justify;\"><span style=\"color: #0000ff;\"><strong>ed\/fm<\/strong><\/span><\/p>\n","protected":false},"excerpt":{"rendered":"<p>Nur-Sultan, SANA La Oficina de Prensa del Ministerio de Relaciones Exteriores de Kazajst\u00e1n anunci\u00f3 que la nueva ronda de conversaciones de Astan\u00e1 sobre Siria se realizar\u00e1 en Nur-Sultan el pr\u00f3ximo verano. &#8220;Todo depende de la situaci\u00f3n epidemiol\u00f3gica y de salud vinculada al Coronavirus&#8221;, agreg\u00f3. El representante de la oficina de prensa dijo en entrevista con &hellip;<\/p>\n","protected":false},"author":32,"featured_media":177445,"comment_status":"closed","ping_status":"closed","sticky":false,"template":"","format":"standard","meta":{"footnotes":""},"categories":[597,467,7541],"tags":[],"class_list":["post-177444","post","type-post","status-publish","format-standard","has-post-thumbnail","","category-cinta-de-noticias","category-siria-y-el-mundo","category-ultimas-noticias"],"_links":{"self":[{"href":"https:\/\/archive.sana.sy\/es\/index.php?rest_route=\/wp\/v2\/posts\/177444"}],"collection":[{"href":"https:\/\/archive.sana.sy\/es\/index.php?rest_route=\/wp\/v2\/posts"}],"about":[{"href":"https:\/\/archive.sana.sy\/es\/index.php?rest_route=\/wp\/v2\/types\/post"}],"author":[{"embeddable":true,"href":"https:\/\/archive.sana.sy\/es\/index.php?rest_route=\/wp\/v2\/users\/32"}],"replies":[{"embeddable":true,"href":"https:\/\/archive.sana.sy\/es\/index.php?rest_route=%2Fwp%2Fv2%2Fcomments&post=177444"}],"version-history":[{"count":0,"href":"https:\/\/archive.sana.sy\/es\/index.php?rest_route=\/wp\/v2\/posts\/177444\/revisions"}],"wp:featuredmedia":[{"embeddable":true,"href":"https:\/\/archive.sana.sy\/es\/index.php?rest_route=\/wp\/v2\/media\/177445"}],"wp:attachment":[{"href":"https:\/\/archive.sana.sy\/es\/index.php?rest_route=%2Fwp%2Fv2%2Fmedia&parent=177444"}],"wp:term":[{"taxonomy":"category","embeddable":true,"href":"https:\/\/archive.sana.sy\/es\/index.php?rest_route=%2Fwp%2Fv2%2Fcategories&post=177444"},{"taxonomy":"post_tag","embeddable":true,"href":"https:\/\/archive.sana.sy\/es\/index.php?rest_route=%2Fwp%2Fv2%2Ftags&post=177444"}],"curies":[{"name":"wp","href":"https:\/\/api.w.org\/{rel}","templated":true}]}}