{"id":177457,"date":"2021-04-27T14:06:19","date_gmt":"2021-04-27T11:06:19","guid":{"rendered":"http:\/\/107.6.182.27\/es\/?p=177457"},"modified":"2021-04-27T20:18:30","modified_gmt":"2021-04-27T17:18:30","slug":"presidente-al-assad-extiende-sus-condolencias-a-su-homologo-iraqui-por-victimas-de-incendio-de-un-hospital","status":"publish","type":"post","link":"https:\/\/archive.sana.sy\/es\/?p=177457","title":{"rendered":"Presidente al-Assad extiende sus condolencias a su hom\u00f3logo iraqu\u00ed por v\u00edctimas de incendio de un hospital"},"content":{"rendered":"<p style=\"text-align: justify;\"><span style=\"color: #800000;\"><strong>Damasco, SANA<\/strong> <\/span><\/p>\n<p style=\"text-align: justify;\">El presidente Bashar Al-Assad, envi\u00f3 un mensaje de condolencias a su hom\u00f3logo iraqu\u00ed, Barham Salih, en el que expres\u00f3 sus m\u00e1s profundos sentimientos de pesar y condolencias por las v\u00edctimas del tr\u00e1gico incendio que estall\u00f3 en el hospital iraqu\u00ed Ibn Al-Khatib en Bagdad.<\/p>\n<p style=\"text-align: justify;\">En su cable, el presidente Al-Assad transmiti\u00f3 su m\u00e1s sincero p\u00e9same y dese\u00f3 paz para las almas de las v\u00edctimas, y paciencia y consuelo a sus familiares .<\/p>\n<p style=\"text-align: justify;\">El s\u00e1bado pasado, se produjo un incendio en el hospital Ibn Al-Khatib de la capital iraqu\u00ed, Bagdad, y cobr\u00f3 la vida de 97 personas mientras 120 resultaron lesionados.<\/p>\n<p style=\"text-align: justify;\"><span style=\"color: #0000ff;\"><strong>ed\/fm<\/strong><\/span><\/p>\n","protected":false},"excerpt":{"rendered":"<p>Damasco, SANA El presidente Bashar Al-Assad, envi\u00f3 un mensaje de condolencias a su hom\u00f3logo iraqu\u00ed, Barham Salih, en el que expres\u00f3 sus m\u00e1s profundos sentimientos de pesar y condolencias por las v\u00edctimas del tr\u00e1gico incendio que estall\u00f3 en el hospital iraqu\u00ed Ibn Al-Khatib en Bagdad. En su cable, el presidente Al-Assad transmiti\u00f3 su m\u00e1s sincero &hellip;<\/p>\n","protected":false},"author":32,"featured_media":177460,"comment_status":"closed","ping_status":"closed","sticky":false,"template":"","format":"standard","meta":{"footnotes":""},"categories":[477,597,476,16237,583,626],"tags":[],"class_list":["post-177457","post","type-post","status-publish","format-standard","has-post-thumbnail","","category-noticias-edulcorantes","category-cinta-de-noticias","category-locales","category-presidence-de-la-republique-arabe-syria","category-slide","category-sr-presidente"],"_links":{"self":[{"href":"https:\/\/archive.sana.sy\/es\/index.php?rest_route=\/wp\/v2\/posts\/177457"}],"collection":[{"href":"https:\/\/archive.sana.sy\/es\/index.php?rest_route=\/wp\/v2\/posts"}],"about":[{"href":"https:\/\/archive.sana.sy\/es\/index.php?rest_route=\/wp\/v2\/types\/post"}],"author":[{"embeddable":true,"href":"https:\/\/archive.sana.sy\/es\/index.php?rest_route=\/wp\/v2\/users\/32"}],"replies":[{"embeddable":true,"href":"https:\/\/archive.sana.sy\/es\/index.php?rest_route=%2Fwp%2Fv2%2Fcomments&post=177457"}],"version-history":[{"count":0,"href":"https:\/\/archive.sana.sy\/es\/index.php?rest_route=\/wp\/v2\/posts\/177457\/revisions"}],"wp:featuredmedia":[{"embeddable":true,"href":"https:\/\/archive.sana.sy\/es\/index.php?rest_route=\/wp\/v2\/media\/177460"}],"wp:attachment":[{"href":"https:\/\/archive.sana.sy\/es\/index.php?rest_route=%2Fwp%2Fv2%2Fmedia&parent=177457"}],"wp:term":[{"taxonomy":"category","embeddable":true,"href":"https:\/\/archive.sana.sy\/es\/index.php?rest_route=%2Fwp%2Fv2%2Fcategories&post=177457"},{"taxonomy":"post_tag","embeddable":true,"href":"https:\/\/archive.sana.sy\/es\/index.php?rest_route=%2Fwp%2Fv2%2Ftags&post=177457"}],"curies":[{"name":"wp","href":"https:\/\/api.w.org\/{rel}","templated":true}]}}