{"id":177514,"date":"2021-04-27T20:32:07","date_gmt":"2021-04-27T17:32:07","guid":{"rendered":"http:\/\/107.6.182.27\/es\/?p=177514"},"modified":"2023-01-12T14:41:30","modified_gmt":"2023-01-12T12:41:30","slug":"cancilleria-palestina-denuncia-cierre-de-zona-de-pesa-de-gaza-por-la-ocupacion-israeli","status":"publish","type":"post","link":"https:\/\/archive.sana.sy\/es\/?p=177514","title":{"rendered":"Canciller\u00eda palestina denuncia cierre de zona de pesca de Gaza por la ocupaci\u00f3n israel\u00ed"},"content":{"rendered":"<p><span style=\"color: #800000;\">Jerusal\u00e9n\u00a0 ocupada, SANA<\/span><\/p>\n<p style=\"text-align: justify;\">El ministerio de Relaciones Exteriores palestino afirm\u00f3 que la imposici\u00f3n de un bloqueo naval completo por parte de la ocupaci\u00f3n israel\u00ed en la Franja de Gaza representa una violaci\u00f3n flagrante del derecho internacional.<\/p>\n<p style=\"text-align: justify;\">&#8220;El cierre de la zona de pesca de la Franja de Gaza por parte de la ocupaci\u00f3n es una escalada peligrosa y una extensi\u00f3n del injusto bloqueo impuesto a la Franja, forma parte del castigo colectivo impuesto al pueblo palestino\u201d, dijo la Canciller\u00eda por medio de un comunicado citado por la agencia Wafa.<\/p>\n<p style=\"text-align: justify;\">El Ente palestino pidi\u00f3 al Consejo de Seguridad de la ONU y a las organizaciones pertinentes de la ONU y a la Corte Penal Internacional que asuman sus responsabilidades y presionen a la ocupaci\u00f3n para que detenga sus cr\u00edmenes y ataques contra los palestinos.<\/p>\n<p><em>mm<\/em><\/p>\n","protected":false},"excerpt":{"rendered":"<p>Jerusal\u00e9n\u00a0 ocupada, SANA El ministerio de Relaciones Exteriores palestino afirm\u00f3 que la imposici\u00f3n de un bloqueo naval completo por parte de la ocupaci\u00f3n israel\u00ed en la Franja de Gaza representa una violaci\u00f3n flagrante del derecho internacional. &#8220;El cierre de la zona de pesca de la Franja de Gaza por parte de la ocupaci\u00f3n es una &hellip;<\/p>\n","protected":false},"author":36,"featured_media":177515,"comment_status":"closed","ping_status":"closed","sticky":false,"template":"","format":"standard","meta":{"footnotes":""},"categories":[597,456,457],"tags":[],"class_list":["post-177514","post","type-post","status-publish","format-standard","has-post-thumbnail","","category-cinta-de-noticias","category-arabe-internacional-politica","category-noticias-arabe-internacional-politica"],"_links":{"self":[{"href":"https:\/\/archive.sana.sy\/es\/index.php?rest_route=\/wp\/v2\/posts\/177514"}],"collection":[{"href":"https:\/\/archive.sana.sy\/es\/index.php?rest_route=\/wp\/v2\/posts"}],"about":[{"href":"https:\/\/archive.sana.sy\/es\/index.php?rest_route=\/wp\/v2\/types\/post"}],"author":[{"embeddable":true,"href":"https:\/\/archive.sana.sy\/es\/index.php?rest_route=\/wp\/v2\/users\/36"}],"replies":[{"embeddable":true,"href":"https:\/\/archive.sana.sy\/es\/index.php?rest_route=%2Fwp%2Fv2%2Fcomments&post=177514"}],"version-history":[{"count":0,"href":"https:\/\/archive.sana.sy\/es\/index.php?rest_route=\/wp\/v2\/posts\/177514\/revisions"}],"wp:featuredmedia":[{"embeddable":true,"href":"https:\/\/archive.sana.sy\/es\/index.php?rest_route=\/wp\/v2\/media\/177515"}],"wp:attachment":[{"href":"https:\/\/archive.sana.sy\/es\/index.php?rest_route=%2Fwp%2Fv2%2Fmedia&parent=177514"}],"wp:term":[{"taxonomy":"category","embeddable":true,"href":"https:\/\/archive.sana.sy\/es\/index.php?rest_route=%2Fwp%2Fv2%2Fcategories&post=177514"},{"taxonomy":"post_tag","embeddable":true,"href":"https:\/\/archive.sana.sy\/es\/index.php?rest_route=%2Fwp%2Fv2%2Ftags&post=177514"}],"curies":[{"name":"wp","href":"https:\/\/api.w.org\/{rel}","templated":true}]}}