{"id":177579,"date":"2021-04-28T19:42:43","date_gmt":"2021-04-28T16:42:43","guid":{"rendered":"http:\/\/107.6.182.27\/es\/?p=177579"},"modified":"2021-04-28T19:44:01","modified_gmt":"2021-04-28T16:44:01","slug":"mansur-elecciones-presidenciales-sirias-son-un-asunto-nacional-y-soberano","status":"publish","type":"post","link":"https:\/\/archive.sana.sy\/es\/?p=177579","title":{"rendered":"Mansur: elecciones presidenciales sirias son asunto nacional y soberano"},"content":{"rendered":"<p><span style=\"color: #800000;\">Beirut, SANA<\/span><\/p>\n<p style=\"text-align: justify;\">El exministro liban\u00e9s de Asuntos Exteriores, Adnan Mansur, confirm\u00f3 que las elecciones presidenciales en Siria previstas para el pr\u00f3ximo 26 de mayo son un asunto nacional soberano sirio por excelencia.<\/p>\n<p>\u201cLas elecciones son una oportunidad para que el ciudadano sirio diga su palabra con toda la patri\u00f3tica y alta responsabilidad nacional despu\u00e9s de la guerra sucia terrorista impuesta a su pa\u00eds desde hace m\u00e1s de diez a\u00f1os, y despu\u00e9s del fracaso de todas las campa\u00f1as de desinformaci\u00f3n y enga\u00f1o dirigidas contra Siria\u201d, declar\u00f3 Mansur al corresponsal de SANA en Beirut.<\/p>\n<p style=\"text-align: justify;\">Es de destacar que la Asamblea del Pueblo (Parlamento) anunci\u00f3 hoy el t\u00e9rmino del plazo de postulaci\u00f3n a candidatura en las pr\u00f3ximas elecciones presidenciales, sumando 51 las solicitudes notificadas al Legislativo por el Tribunal Supremo Constitucional, entre las cuales siete de mujeres.<\/p>\n<p style=\"text-align: justify;\"><em>mm<\/em><\/p>\n","protected":false},"excerpt":{"rendered":"<p>Beirut, SANA El exministro liban\u00e9s de Asuntos Exteriores, Adnan Mansur, confirm\u00f3 que las elecciones presidenciales en Siria previstas para el pr\u00f3ximo 26 de mayo son un asunto nacional soberano sirio por excelencia. \u201cLas elecciones son una oportunidad para que el ciudadano sirio diga su palabra con toda la patri\u00f3tica y alta responsabilidad nacional despu\u00e9s de &hellip;<\/p>\n","protected":false},"author":36,"featured_media":177580,"comment_status":"closed","ping_status":"closed","sticky":false,"template":"","format":"standard","meta":{"footnotes":""},"categories":[597,467],"tags":[],"class_list":["post-177579","post","type-post","status-publish","format-standard","has-post-thumbnail","","category-cinta-de-noticias","category-siria-y-el-mundo"],"_links":{"self":[{"href":"https:\/\/archive.sana.sy\/es\/index.php?rest_route=\/wp\/v2\/posts\/177579"}],"collection":[{"href":"https:\/\/archive.sana.sy\/es\/index.php?rest_route=\/wp\/v2\/posts"}],"about":[{"href":"https:\/\/archive.sana.sy\/es\/index.php?rest_route=\/wp\/v2\/types\/post"}],"author":[{"embeddable":true,"href":"https:\/\/archive.sana.sy\/es\/index.php?rest_route=\/wp\/v2\/users\/36"}],"replies":[{"embeddable":true,"href":"https:\/\/archive.sana.sy\/es\/index.php?rest_route=%2Fwp%2Fv2%2Fcomments&post=177579"}],"version-history":[{"count":0,"href":"https:\/\/archive.sana.sy\/es\/index.php?rest_route=\/wp\/v2\/posts\/177579\/revisions"}],"wp:featuredmedia":[{"embeddable":true,"href":"https:\/\/archive.sana.sy\/es\/index.php?rest_route=\/wp\/v2\/media\/177580"}],"wp:attachment":[{"href":"https:\/\/archive.sana.sy\/es\/index.php?rest_route=%2Fwp%2Fv2%2Fmedia&parent=177579"}],"wp:term":[{"taxonomy":"category","embeddable":true,"href":"https:\/\/archive.sana.sy\/es\/index.php?rest_route=%2Fwp%2Fv2%2Fcategories&post=177579"},{"taxonomy":"post_tag","embeddable":true,"href":"https:\/\/archive.sana.sy\/es\/index.php?rest_route=%2Fwp%2Fv2%2Ftags&post=177579"}],"curies":[{"name":"wp","href":"https:\/\/api.w.org\/{rel}","templated":true}]}}