{"id":177617,"date":"2021-04-29T11:41:05","date_gmt":"2021-04-29T08:41:05","guid":{"rendered":"http:\/\/107.6.182.27\/es\/?p=177617"},"modified":"2021-04-29T13:35:22","modified_gmt":"2021-04-29T10:35:22","slug":"entregan-a-corte-constitucional-suprema-la-urna-electoral-que-incluye-los-votos-de-los-diputados-a-postulantes-en-elecciones-presidenciales","status":"publish","type":"post","link":"https:\/\/archive.sana.sy\/es\/?p=177617","title":{"rendered":"Entregan a Corte Constitucional Suprema la urna electoral que incluye los votos de los diputados a postulantes en elecciones presidenciales"},"content":{"rendered":"<p><span style=\"color: #800000;\">Damasco, SANA<\/span><\/p>\n<p style=\"text-align: justify;\">Se entreg\u00f3 hoy a la Corte Constitucional Suprema el buz\u00f3n que incluye los votos de los diputados del parlamento a los postulantes de candidatura para las pr\u00f3ximas elecciones presidenciales.<\/p>\n<p style=\"text-align: justify;\">El Jefe de la Corte, Mohammed Jihad Al-Laham, dijo el mismo estudiar\u00e1 todas las solicitudes de postulaci\u00f3n a candidatura y se pronunciar\u00e1 sobre las mismas dentro del plazo legal fijado de cinco d\u00edas.<\/p>\n<p style=\"text-align: justify;\">&#8220;Una vez finalizado el estudio de las solicitudes de acuerdo con las condiciones constitucionales y legales, el Tribunal dar\u00e1 a conocer los nombres de los candidatos cuyas candidaturas fueron aceptadas&#8221;, aclar\u00f3.<\/p>\n<p style=\"text-align: justify;\">En la v\u00edspera, tras finalizar el proceso del \u201capoyo por escrito\u201d ejercido por los diputados a los postulantes, el presidente de la Asamblea del Pueblo, Hammouda Sabbagh, cerr\u00f3 y sell\u00f3 el buz\u00f3n electoral.<\/p>\n<p style=\"text-align: justify;\">Anteriormente, el Parlamento anunci\u00f3 el t\u00e9rmino del plazo de postulaci\u00f3n a candidatura en las pr\u00f3ximas elecciones presidenciales, sumando 51 las solicitudes notificadas al Legislativo por el Tribunal Supremo Constitucional, entre las cuales siete de mujeres.<\/p>\n<p style=\"text-align: justify;\">De acuerdo a la Ley Electoral General, cada postulante debe obtener el apoyo de 35 diputados para que su candidatura sea v\u00e1lida.<\/p>\n<p style=\"text-align: justify;\">El Parlamento hab\u00eda fijado un plazo de 10 d\u00edas a partir del lunes 19 de abril para recibir solicitudes de candidatura a las presidenciales que se efectuar\u00e1n el 26 de mayo pr\u00f3ximo.<\/p>\n<p><span style=\"color: #0000ff;\">fm\/rr<\/span><\/p>\n<div id='gallery-1' class='gallery galleryid-177617 gallery-columns-1 gallery-size-full'><figure class='gallery-item'>\n\t\t\t<div class='gallery-icon landscape'>\n\t\t\t\t<a href='https:\/\/archive.sana.sy\/es\/wp-content\/uploads\/2021\/04\/photo_2021-04-29_11-14-25.jpg'><img loading=\"lazy\" decoding=\"async\" width=\"660\" height=\"414\" src=\"https:\/\/archive.sana.sy\/es\/wp-content\/uploads\/2021\/04\/photo_2021-04-29_11-14-25.jpg\" class=\"attachment-full size-full\" alt=\"\" srcset=\"https:\/\/archive.sana.sy\/es\/wp-content\/uploads\/2021\/04\/photo_2021-04-29_11-14-25.jpg 660w, https:\/\/archive.sana.sy\/es\/wp-content\/uploads\/2021\/04\/photo_2021-04-29_11-14-25-300x188.jpg 300w, https:\/\/archive.sana.sy\/es\/wp-content\/uploads\/2021\/04\/photo_2021-04-29_11-14-25-150x94.jpg 150w\" sizes=\"(max-width: 660px) 100vw, 660px\" \/><\/a>\n\t\t\t<\/div><\/figure><figure class='gallery-item'>\n\t\t\t<div class='gallery-icon landscape'>\n\t\t\t\t<a href='https:\/\/archive.sana.sy\/es\/wp-content\/uploads\/2021\/04\/photo_2021-04-29_11-15-31.jpg'><img loading=\"lazy\" decoding=\"async\" width=\"660\" height=\"409\" src=\"https:\/\/archive.sana.sy\/es\/wp-content\/uploads\/2021\/04\/photo_2021-04-29_11-15-31.jpg\" class=\"attachment-full size-full\" alt=\"\" srcset=\"https:\/\/archive.sana.sy\/es\/wp-content\/uploads\/2021\/04\/photo_2021-04-29_11-15-31.jpg 660w, https:\/\/archive.sana.sy\/es\/wp-content\/uploads\/2021\/04\/photo_2021-04-29_11-15-31-300x186.jpg 300w, https:\/\/archive.sana.sy\/es\/wp-content\/uploads\/2021\/04\/photo_2021-04-29_11-15-31-150x93.jpg 150w\" sizes=\"(max-width: 660px) 100vw, 660px\" \/><\/a>\n\t\t\t<\/div><\/figure><figure class='gallery-item'>\n\t\t\t<div class='gallery-icon landscape'>\n\t\t\t\t<a href='https:\/\/archive.sana.sy\/es\/wp-content\/uploads\/2021\/04\/photo_2021-04-29_11-21-31.jpg'><img loading=\"lazy\" decoding=\"async\" width=\"660\" height=\"409\" src=\"https:\/\/archive.sana.sy\/es\/wp-content\/uploads\/2021\/04\/photo_2021-04-29_11-21-31.jpg\" class=\"attachment-full size-full\" alt=\"\" srcset=\"https:\/\/archive.sana.sy\/es\/wp-content\/uploads\/2021\/04\/photo_2021-04-29_11-21-31.jpg 660w, https:\/\/archive.sana.sy\/es\/wp-content\/uploads\/2021\/04\/photo_2021-04-29_11-21-31-300x186.jpg 300w, https:\/\/archive.sana.sy\/es\/wp-content\/uploads\/2021\/04\/photo_2021-04-29_11-21-31-150x93.jpg 150w\" sizes=\"(max-width: 660px) 100vw, 660px\" \/><\/a>\n\t\t\t<\/div><\/figure><figure class='gallery-item'>\n\t\t\t<div class='gallery-icon landscape'>\n\t\t\t\t<a href='https:\/\/archive.sana.sy\/es\/wp-content\/uploads\/2021\/04\/52-6.jpg'><img loading=\"lazy\" decoding=\"async\" width=\"660\" height=\"409\" src=\"https:\/\/archive.sana.sy\/es\/wp-content\/uploads\/2021\/04\/52-6.jpg\" class=\"attachment-full size-full\" alt=\"\" srcset=\"https:\/\/archive.sana.sy\/es\/wp-content\/uploads\/2021\/04\/52-6.jpg 660w, https:\/\/archive.sana.sy\/es\/wp-content\/uploads\/2021\/04\/52-6-300x186.jpg 300w, https:\/\/archive.sana.sy\/es\/wp-content\/uploads\/2021\/04\/52-6-150x93.jpg 150w\" sizes=\"(max-width: 660px) 100vw, 660px\" \/><\/a>\n\t\t\t<\/div><\/figure><figure class='gallery-item'>\n\t\t\t<div class='gallery-icon landscape'>\n\t\t\t\t<a href='https:\/\/archive.sana.sy\/es\/wp-content\/uploads\/2021\/04\/53-4.jpg'><img loading=\"lazy\" decoding=\"async\" width=\"660\" height=\"417\" src=\"https:\/\/archive.sana.sy\/es\/wp-content\/uploads\/2021\/04\/53-4.jpg\" class=\"attachment-full size-full\" alt=\"\" srcset=\"https:\/\/archive.sana.sy\/es\/wp-content\/uploads\/2021\/04\/53-4.jpg 660w, https:\/\/archive.sana.sy\/es\/wp-content\/uploads\/2021\/04\/53-4-300x190.jpg 300w, https:\/\/archive.sana.sy\/es\/wp-content\/uploads\/2021\/04\/53-4-150x95.jpg 150w\" sizes=\"(max-width: 660px) 100vw, 660px\" \/><\/a>\n\t\t\t<\/div><\/figure><figure class='gallery-item'>\n\t\t\t<div class='gallery-icon landscape'>\n\t\t\t\t<a href='https:\/\/archive.sana.sy\/es\/wp-content\/uploads\/2021\/04\/54-26.jpg'><img loading=\"lazy\" decoding=\"async\" width=\"660\" height=\"432\" src=\"https:\/\/archive.sana.sy\/es\/wp-content\/uploads\/2021\/04\/54-26.jpg\" class=\"attachment-full size-full\" alt=\"\" srcset=\"https:\/\/archive.sana.sy\/es\/wp-content\/uploads\/2021\/04\/54-26.jpg 660w, https:\/\/archive.sana.sy\/es\/wp-content\/uploads\/2021\/04\/54-26-300x196.jpg 300w, https:\/\/archive.sana.sy\/es\/wp-content\/uploads\/2021\/04\/54-26-150x98.jpg 150w\" sizes=\"(max-width: 660px) 100vw, 660px\" \/><\/a>\n\t\t\t<\/div><\/figure><figure class='gallery-item'>\n\t\t\t<div class='gallery-icon landscape'>\n\t\t\t\t<a href='https:\/\/archive.sana.sy\/es\/wp-content\/uploads\/2021\/04\/55-39.jpg'><img loading=\"lazy\" decoding=\"async\" width=\"660\" height=\"417\" src=\"https:\/\/archive.sana.sy\/es\/wp-content\/uploads\/2021\/04\/55-39.jpg\" class=\"attachment-full size-full\" alt=\"\" srcset=\"https:\/\/archive.sana.sy\/es\/wp-content\/uploads\/2021\/04\/55-39.jpg 660w, https:\/\/archive.sana.sy\/es\/wp-content\/uploads\/2021\/04\/55-39-300x190.jpg 300w, https:\/\/archive.sana.sy\/es\/wp-content\/uploads\/2021\/04\/55-39-150x95.jpg 150w\" sizes=\"(max-width: 660px) 100vw, 660px\" \/><\/a>\n\t\t\t<\/div><\/figure><figure class='gallery-item'>\n\t\t\t<div class='gallery-icon landscape'>\n\t\t\t\t<a href='https:\/\/archive.sana.sy\/es\/wp-content\/uploads\/2021\/04\/57-2.jpg'><img loading=\"lazy\" decoding=\"async\" width=\"660\" height=\"417\" src=\"https:\/\/archive.sana.sy\/es\/wp-content\/uploads\/2021\/04\/57-2.jpg\" class=\"attachment-full size-full\" alt=\"\" srcset=\"https:\/\/archive.sana.sy\/es\/wp-content\/uploads\/2021\/04\/57-2.jpg 660w, https:\/\/archive.sana.sy\/es\/wp-content\/uploads\/2021\/04\/57-2-300x190.jpg 300w, https:\/\/archive.sana.sy\/es\/wp-content\/uploads\/2021\/04\/57-2-150x95.jpg 150w\" sizes=\"(max-width: 660px) 100vw, 660px\" \/><\/a>\n\t\t\t<\/div><\/figure><figure class='gallery-item'>\n\t\t\t<div class='gallery-icon landscape'>\n\t\t\t\t<a href='https:\/\/archive.sana.sy\/es\/wp-content\/uploads\/2021\/04\/500-8.jpg'><img loading=\"lazy\" decoding=\"async\" width=\"660\" height=\"370\" src=\"https:\/\/archive.sana.sy\/es\/wp-content\/uploads\/2021\/04\/500-8.jpg\" class=\"attachment-full size-full\" alt=\"\" srcset=\"https:\/\/archive.sana.sy\/es\/wp-content\/uploads\/2021\/04\/500-8.jpg 660w, https:\/\/archive.sana.sy\/es\/wp-content\/uploads\/2021\/04\/500-8-300x168.jpg 300w, https:\/\/archive.sana.sy\/es\/wp-content\/uploads\/2021\/04\/500-8-150x84.jpg 150w\" sizes=\"(max-width: 660px) 100vw, 660px\" \/><\/a>\n\t\t\t<\/div><\/figure><figure class='gallery-item'>\n\t\t\t<div class='gallery-icon landscape'>\n\t\t\t\t<a href='https:\/\/archive.sana.sy\/es\/wp-content\/uploads\/2021\/04\/photo_2021-04-29_11-14-14-660x330-1.jpg'><img loading=\"lazy\" decoding=\"async\" width=\"660\" height=\"330\" src=\"https:\/\/archive.sana.sy\/es\/wp-content\/uploads\/2021\/04\/photo_2021-04-29_11-14-14-660x330-1.jpg\" class=\"attachment-full size-full\" alt=\"\" srcset=\"https:\/\/archive.sana.sy\/es\/wp-content\/uploads\/2021\/04\/photo_2021-04-29_11-14-14-660x330-1.jpg 660w, https:\/\/archive.sana.sy\/es\/wp-content\/uploads\/2021\/04\/photo_2021-04-29_11-14-14-660x330-1-300x150.jpg 300w, https:\/\/archive.sana.sy\/es\/wp-content\/uploads\/2021\/04\/photo_2021-04-29_11-14-14-660x330-1-150x75.jpg 150w\" sizes=\"(max-width: 660px) 100vw, 660px\" \/><\/a>\n\t\t\t<\/div><\/figure>\n\t\t<\/div>\n\n","protected":false},"excerpt":{"rendered":"<p>Damasco, SANA Se entreg\u00f3 hoy a la Corte Constitucional Suprema el buz\u00f3n que incluye los votos de los diputados del parlamento a los postulantes de candidatura para las pr\u00f3ximas elecciones presidenciales. El Jefe de la Corte, Mohammed Jihad Al-Laham, dijo el mismo estudiar\u00e1 todas las solicitudes de postulaci\u00f3n a candidatura y se pronunciar\u00e1 sobre las &hellip;<\/p>\n","protected":false},"author":31,"featured_media":177632,"comment_status":"closed","ping_status":"closed","sticky":false,"template":"","format":"standard","meta":{"footnotes":""},"categories":[597,476,583],"tags":[],"class_list":["post-177617","post","type-post","status-publish","format-standard","has-post-thumbnail","","category-cinta-de-noticias","category-locales","category-slide"],"_links":{"self":[{"href":"https:\/\/archive.sana.sy\/es\/index.php?rest_route=\/wp\/v2\/posts\/177617"}],"collection":[{"href":"https:\/\/archive.sana.sy\/es\/index.php?rest_route=\/wp\/v2\/posts"}],"about":[{"href":"https:\/\/archive.sana.sy\/es\/index.php?rest_route=\/wp\/v2\/types\/post"}],"author":[{"embeddable":true,"href":"https:\/\/archive.sana.sy\/es\/index.php?rest_route=\/wp\/v2\/users\/31"}],"replies":[{"embeddable":true,"href":"https:\/\/archive.sana.sy\/es\/index.php?rest_route=%2Fwp%2Fv2%2Fcomments&post=177617"}],"version-history":[{"count":0,"href":"https:\/\/archive.sana.sy\/es\/index.php?rest_route=\/wp\/v2\/posts\/177617\/revisions"}],"wp:featuredmedia":[{"embeddable":true,"href":"https:\/\/archive.sana.sy\/es\/index.php?rest_route=\/wp\/v2\/media\/177632"}],"wp:attachment":[{"href":"https:\/\/archive.sana.sy\/es\/index.php?rest_route=%2Fwp%2Fv2%2Fmedia&parent=177617"}],"wp:term":[{"taxonomy":"category","embeddable":true,"href":"https:\/\/archive.sana.sy\/es\/index.php?rest_route=%2Fwp%2Fv2%2Fcategories&post=177617"},{"taxonomy":"post_tag","embeddable":true,"href":"https:\/\/archive.sana.sy\/es\/index.php?rest_route=%2Fwp%2Fv2%2Ftags&post=177617"}],"curies":[{"name":"wp","href":"https:\/\/api.w.org\/{rel}","templated":true}]}}