{"id":17763,"date":"2015-02-11T22:15:58","date_gmt":"2015-02-11T20:15:58","guid":{"rendered":"http:\/\/www.sana.sy\/es\/?p=17763"},"modified":"2015-02-12T16:27:23","modified_gmt":"2015-02-12T14:27:23","slug":"ejercito-lanza-amplia-operacion-contra-los-bastiones-de-los-terroristas-en-deraa","status":"publish","type":"post","link":"https:\/\/archive.sana.sy\/es\/?p=17763","title":{"rendered":"Ej\u00e9rcito controla a Deir Maker en Deraa y recupera a dos colinas estrat\u00e9gicas en el campo sudoeste de Damasco"},"content":{"rendered":"<p style=\"text-align: justify\">Provincias, SANA<\/p>\n<p style=\"text-align: justify\">Unidades del ej\u00e9rcito y de las fuerzas armadas tomaron el control del poblado de Deir Maker en la provincia de Deraa, as\u00ed como controlaron a dos colinas en el campo sudoeste de Damasco.<\/p>\n<p style=\"text-align: justify\"><span style=\"color: #0000ff\">Damasco-campo<\/span><\/p>\n<p style=\"text-align: justify\">Una fuente militar inform\u00f3 que destacamentos militares recuperaron el control de las colinas de Sarja y Arus en el campo sudeste de Damasco, tras duros choques con las organizaciones terroristas.<\/p>\n<p style=\"text-align: justify\">Seg\u00fan la fuente, el ej\u00e9rcito contin\u00faa su persecuci\u00f3n a los terroristas en las mencionadas zonas.<\/p>\n<p style=\"text-align: justify\"><span style=\"color: #0000ff\">Deraa<\/span><\/p>\n<p style=\"text-align: justify\">La fuente agreg\u00f3 que otra unidad de las Fuerzas Armadas eliminaron a los integrantes de un grupo terrorista en la zona de Lajat en el campo noroeste\u00a0de Deraa.<\/p>\n<p style=\"text-align: justify\">A todo ello, el ej\u00e9rcito intensific\u00f3 sus operativos en las colinas que gozan de ubicaci\u00f3n estrat\u00e9gica en el campo noroeste de Deraa, donde asest\u00f3 duros golpes a los terroristas en las colinas de Antar y al-Alakia.<\/p>\n<p style=\"text-align: justify\">Por otra parte, las organizaciones terroristas admitieron por su p\u00e1gina web haber sufrido significativas bajas en operaciones del ej\u00e9rcito en el campo norte de Deraa, Sheikh Meskin, \u00a0Korfa \u00a0y la localdiad de Mahye.<\/p>\n<p>Asimismo, una fuente militar le inform\u00f3 a SANA, que unidades del ej\u00e9rcito y las fuerzas armadas eliminaron a un numero de terroristas y dejaron \u00a0otros heridos en la Finca Al-Ansari en la carretera de Karfa- Al shej meskin \u00a0en el campo de Deraa, y los barrios de Al-biyaiya y Al-Manshia en Derra Al-Balad.<\/p>\n<p style=\"text-align: justify\"><span style=\"color: #0000ff\">Quneitra<\/span><\/p>\n<p style=\"text-align: justify\">Asimismo, varios terroristas resultaron muertos o heridos en operativos del ej\u00e9rcito en el pueblo de Samadaniya en el campo de Quneitra.<\/p>\n<p style=\"text-align: justify\"><span style=\"color: #0000ff\">Idleb<\/span><\/p>\n<p style=\"text-align: justify\">En la provincia septentrional de Idleb, destacamentos militares dejaron a numerosos terroristas entre muertos y heridos en las zonas de Maaret Mesreen, Bennesh, Abu Duhur, Ein Sawda y la periferia del Monte Arbayeen.<\/p>\n<p style=\"text-align: justify\"><span style=\"color: #0000ff\">Homs<\/span><\/p>\n<p style=\"text-align: justify\">Una unidad del ej\u00e9rcito secundada por unidades de la Defensa Popular destruy\u00f3 una plataforma de lanzacohetes en la aldea de Ain-Husin, en el municipio de Talbisa, causando tambi\u00e9n grandes p\u00e9rdidas, tanto humanas como materiales, en las filas de las organizaciones terroristas en la campi\u00f1a oriental de Homs.<\/p>\n<p style=\"text-align: justify\">Asimismo, otras unidades del ej\u00e9rcito bombardearon varios refugios de los terroristas en la aldea de Abu-Hawadit, y Salam en el campo oeste de Homs, donde un gran n\u00famero de terroristas cayeron muertos y heridos adem\u00e1s de la destrucci\u00f3n de armas y municiones, seg\u00fan una fuente militar.<\/p>\n<p style=\"text-align: justify\">De acuerdo con la misma fuente, el ej\u00e9rcito realiz\u00f3 una serie de operaciones militares exitosas contra posiciones terroristas en la aldea de Al-Doeba y Masada.<\/p>\n<p style=\"text-align: justify\">Asimismo, en la aldea de Rahum, un gran n\u00famero de terroristas de la organizaci\u00f3n \u201cDaesh\u201d fueron eliminados a manos de las unidades del ej\u00e9rcito.<\/p>\n<p style=\"text-align: justify\"><span style=\"color: #0000ff\">Deir Alzoor<\/span><\/p>\n<p>Una fuente militar inform\u00f3 que, las unidades militares eliminaros a los integrantes del grupo terrorista Daesh cerca de la monta\u00f1a Al-zarda, hacia la carretera Al-Mayadin y Al-Hassan en la provincia de Deir Alzoor.<\/p>\n<p style=\"text-align: justify\">Asimismo, otras unidades del ej\u00e9rcito y de la defensa popular consiguieron controlar \u00e1reas en el entorno del Valle Al-Taem , en Deir al-zoor ,y acabar con un n\u00famero de miembros de la la organizaci\u00f3n Daesh.<\/p>\n<p style=\"text-align: justify\">\n<p><span style=\"color: #000000\">Fady M., Hala B., Lynn A.,\u00a0M.Mri, Riad.Sh<\/span><\/p>\n","protected":false},"excerpt":{"rendered":"<p>Provincias, SANA Unidades del ej\u00e9rcito y de las fuerzas armadas tomaron el control del poblado de Deir Maker en la provincia de Deraa, as\u00ed como controlaron a dos colinas en el campo sudoeste de Damasco. Damasco-campo Una fuente militar inform\u00f3 que destacamentos militares recuperaron el control de las colinas de Sarja y Arus en el &hellip;<\/p>\n","protected":false},"author":1,"featured_media":17764,"comment_status":"closed","ping_status":"closed","sticky":false,"template":"","format":"standard","meta":{"footnotes":""},"categories":[573],"tags":[4034],"class_list":["post-17763","post","type-post","status-publish","format-standard","has-post-thumbnail","","category-la-realidad-de-los-acontecimientos-en-siria","tag-ejercito-lanza-amplia-operacion-contra-los-bastiones-de-los-terroristas-en-deraa"],"_links":{"self":[{"href":"https:\/\/archive.sana.sy\/es\/index.php?rest_route=\/wp\/v2\/posts\/17763"}],"collection":[{"href":"https:\/\/archive.sana.sy\/es\/index.php?rest_route=\/wp\/v2\/posts"}],"about":[{"href":"https:\/\/archive.sana.sy\/es\/index.php?rest_route=\/wp\/v2\/types\/post"}],"author":[{"embeddable":true,"href":"https:\/\/archive.sana.sy\/es\/index.php?rest_route=\/wp\/v2\/users\/1"}],"replies":[{"embeddable":true,"href":"https:\/\/archive.sana.sy\/es\/index.php?rest_route=%2Fwp%2Fv2%2Fcomments&post=17763"}],"version-history":[{"count":0,"href":"https:\/\/archive.sana.sy\/es\/index.php?rest_route=\/wp\/v2\/posts\/17763\/revisions"}],"wp:featuredmedia":[{"embeddable":true,"href":"https:\/\/archive.sana.sy\/es\/index.php?rest_route=\/wp\/v2\/media\/17764"}],"wp:attachment":[{"href":"https:\/\/archive.sana.sy\/es\/index.php?rest_route=%2Fwp%2Fv2%2Fmedia&parent=17763"}],"wp:term":[{"taxonomy":"category","embeddable":true,"href":"https:\/\/archive.sana.sy\/es\/index.php?rest_route=%2Fwp%2Fv2%2Fcategories&post=17763"},{"taxonomy":"post_tag","embeddable":true,"href":"https:\/\/archive.sana.sy\/es\/index.php?rest_route=%2Fwp%2Fv2%2Ftags&post=17763"}],"curies":[{"name":"wp","href":"https:\/\/api.w.org\/{rel}","templated":true}]}}