{"id":177663,"date":"2021-04-29T17:11:16","date_gmt":"2021-04-29T14:11:16","guid":{"rendered":"http:\/\/107.6.182.27\/es\/?p=177663"},"modified":"2021-04-29T17:16:46","modified_gmt":"2021-04-29T14:16:46","slug":"ataque-contra-convoy-de-la-coalicion-estadounidense-en-iraq-2","status":"publish","type":"post","link":"https:\/\/archive.sana.sy\/es\/?p=177663","title":{"rendered":"Ataque contra convoy de la coalici\u00f3n estadounidense en Iraq"},"content":{"rendered":"<p style=\"text-align: justify;\"><span style=\"color: #800000;\"><strong>Bagdad, SANA<\/strong><\/span><\/p>\n<p style=\"text-align: justify;\">Un artefacto explosivo estall\u00f3 hoy contra un convoy de las fuerzas de la autodenominada \u201cCoalici\u00f3n\u201d guiada por EEUU en la provincia iraqu\u00ed de Anbar al oeste del pa\u00eds.<\/p>\n<p style=\"text-align: justify;\">\u201cUna bomba explot\u00f3 al pasar un convoy de apoyo log\u00edstico de la Coalici\u00f3n en la autopista que lleva a Anbar\u201d, cit\u00f3 el noticiero Alsumaria a un agente de seguridad iraqu\u00ed.<\/p>\n<p style=\"text-align: justify;\">Los convoyes de las tropas de la Coalici\u00f3n estadounidense han sido recientemente blanco de varios atentados en diferentes \u00e1reas del territorio iraqu\u00ed.<\/p>\n<p style=\"text-align: justify;\"><strong><span style=\"color: #0000ff;\">sm\/fm<\/span><\/strong><\/p>\n","protected":false},"excerpt":{"rendered":"<p>Bagdad, SANA Un artefacto explosivo estall\u00f3 hoy contra un convoy de las fuerzas de la autodenominada \u201cCoalici\u00f3n\u201d guiada por EEUU en la provincia iraqu\u00ed de Anbar al oeste del pa\u00eds. \u201cUna bomba explot\u00f3 al pasar un convoy de apoyo log\u00edstico de la Coalici\u00f3n en la autopista que lleva a Anbar\u201d, cit\u00f3 el noticiero Alsumaria a &hellip;<\/p>\n","protected":false},"author":39,"featured_media":177664,"comment_status":"closed","ping_status":"closed","sticky":false,"template":"","format":"standard","meta":{"footnotes":""},"categories":[597,456,7541],"tags":[],"class_list":["post-177663","post","type-post","status-publish","format-standard","has-post-thumbnail","","category-cinta-de-noticias","category-arabe-internacional-politica","category-ultimas-noticias"],"_links":{"self":[{"href":"https:\/\/archive.sana.sy\/es\/index.php?rest_route=\/wp\/v2\/posts\/177663"}],"collection":[{"href":"https:\/\/archive.sana.sy\/es\/index.php?rest_route=\/wp\/v2\/posts"}],"about":[{"href":"https:\/\/archive.sana.sy\/es\/index.php?rest_route=\/wp\/v2\/types\/post"}],"author":[{"embeddable":true,"href":"https:\/\/archive.sana.sy\/es\/index.php?rest_route=\/wp\/v2\/users\/39"}],"replies":[{"embeddable":true,"href":"https:\/\/archive.sana.sy\/es\/index.php?rest_route=%2Fwp%2Fv2%2Fcomments&post=177663"}],"version-history":[{"count":0,"href":"https:\/\/archive.sana.sy\/es\/index.php?rest_route=\/wp\/v2\/posts\/177663\/revisions"}],"wp:featuredmedia":[{"embeddable":true,"href":"https:\/\/archive.sana.sy\/es\/index.php?rest_route=\/wp\/v2\/media\/177664"}],"wp:attachment":[{"href":"https:\/\/archive.sana.sy\/es\/index.php?rest_route=%2Fwp%2Fv2%2Fmedia&parent=177663"}],"wp:term":[{"taxonomy":"category","embeddable":true,"href":"https:\/\/archive.sana.sy\/es\/index.php?rest_route=%2Fwp%2Fv2%2Fcategories&post=177663"},{"taxonomy":"post_tag","embeddable":true,"href":"https:\/\/archive.sana.sy\/es\/index.php?rest_route=%2Fwp%2Fv2%2Ftags&post=177663"}],"curies":[{"name":"wp","href":"https:\/\/api.w.org\/{rel}","templated":true}]}}