{"id":177666,"date":"2021-04-29T17:20:28","date_gmt":"2021-04-29T14:20:28","guid":{"rendered":"http:\/\/107.6.182.27\/es\/?p=177666"},"modified":"2023-01-09T14:05:43","modified_gmt":"2023-01-09T12:05:43","slug":"asociacion-al-ber-de-palmira-organiza-iniciativas-caritativas-por-ramadan","status":"publish","type":"post","link":"https:\/\/archive.sana.sy\/es\/?p=177666","title":{"rendered":"Asociaci\u00f3n Al-Ber de Palmira organiza iniciativas caritativas por Ramad\u00e1n"},"content":{"rendered":"<p style=\"text-align: justify;\"><span style=\"color: #800000;\"><strong>Palmira, SANA<\/strong><\/span><\/p>\n<p style=\"text-align: justify;\">Despu\u00e9s de la suspensi\u00f3n de sus actividades durante casi seis a\u00f1os debido a las acciones terroristas, la asociaci\u00f3n Al-Ber en la ciudad de Palmira, reanud\u00f3 sus actividades en su sede temporal en la provincia de Homs.<\/p>\n<p style=\"text-align: justify;\">El jefe de la entidad, Ali Suleiman, inform\u00f3 a SANA que se distribuyeron unas 150 canastas de alimentos a los habitantes de Palmira m\u00e1s necesitados que residen en Homs y que fueron desplazados por el terrorismo.<\/p>\n<p style=\"text-align: justify;\">Se\u00f1al\u00f3 que la asociaci\u00f3n pronto volver\u00e1 a su sede en Palmira para ampliar su trabajo ben\u00e9fico.<\/p>\n<p style=\"text-align: justify;\"><strong><span style=\"color: #0000ff;\">sm\/fm<\/span><\/strong><\/p>\n","protected":false},"excerpt":{"rendered":"<p>Palmira, SANA Despu\u00e9s de la suspensi\u00f3n de sus actividades durante casi seis a\u00f1os debido a las acciones terroristas, la asociaci\u00f3n Al-Ber en la ciudad de Palmira, reanud\u00f3 sus actividades en su sede temporal en la provincia de Homs. El jefe de la entidad, Ali Suleiman, inform\u00f3 a SANA que se distribuyeron unas 150 canastas de &hellip;<\/p>\n","protected":false},"author":39,"featured_media":177667,"comment_status":"closed","ping_status":"closed","sticky":false,"template":"","format":"standard","meta":{"footnotes":""},"categories":[477,597,476],"tags":[],"class_list":["post-177666","post","type-post","status-publish","format-standard","has-post-thumbnail","","category-noticias-edulcorantes","category-cinta-de-noticias","category-locales"],"_links":{"self":[{"href":"https:\/\/archive.sana.sy\/es\/index.php?rest_route=\/wp\/v2\/posts\/177666"}],"collection":[{"href":"https:\/\/archive.sana.sy\/es\/index.php?rest_route=\/wp\/v2\/posts"}],"about":[{"href":"https:\/\/archive.sana.sy\/es\/index.php?rest_route=\/wp\/v2\/types\/post"}],"author":[{"embeddable":true,"href":"https:\/\/archive.sana.sy\/es\/index.php?rest_route=\/wp\/v2\/users\/39"}],"replies":[{"embeddable":true,"href":"https:\/\/archive.sana.sy\/es\/index.php?rest_route=%2Fwp%2Fv2%2Fcomments&post=177666"}],"version-history":[{"count":0,"href":"https:\/\/archive.sana.sy\/es\/index.php?rest_route=\/wp\/v2\/posts\/177666\/revisions"}],"wp:featuredmedia":[{"embeddable":true,"href":"https:\/\/archive.sana.sy\/es\/index.php?rest_route=\/wp\/v2\/media\/177667"}],"wp:attachment":[{"href":"https:\/\/archive.sana.sy\/es\/index.php?rest_route=%2Fwp%2Fv2%2Fmedia&parent=177666"}],"wp:term":[{"taxonomy":"category","embeddable":true,"href":"https:\/\/archive.sana.sy\/es\/index.php?rest_route=%2Fwp%2Fv2%2Fcategories&post=177666"},{"taxonomy":"post_tag","embeddable":true,"href":"https:\/\/archive.sana.sy\/es\/index.php?rest_route=%2Fwp%2Fv2%2Ftags&post=177666"}],"curies":[{"name":"wp","href":"https:\/\/api.w.org\/{rel}","templated":true}]}}