{"id":177672,"date":"2021-04-29T18:50:36","date_gmt":"2021-04-29T15:50:36","guid":{"rendered":"http:\/\/107.6.182.27\/es\/?p=177672"},"modified":"2023-01-10T15:14:19","modified_gmt":"2023-01-10T13:14:19","slug":"siria-e-irak-fortalecen-cooperacion-en-sectores-de-petroleo-y-energia","status":"publish","type":"post","link":"https:\/\/archive.sana.sy\/es\/?p=177672","title":{"rendered":"Siria e Irak fortalecen cooperaci\u00f3n en sectores de petr\u00f3leo y energ\u00eda"},"content":{"rendered":"<p style=\"text-align: justify;\"><span style=\"color: #800000;\"><strong>Bagdad, SANA<\/strong><\/span><\/p>\n<p style=\"text-align: justify;\">El Ministro de Petr\u00f3leo y Recursos Minerales, Bassam Tohme, examin\u00f3 con el Ministro de Petr\u00f3leo iraqu\u00ed, Ihsan Abdul-Jabbar Ismail, las v\u00edas para fortalecer la cooperaci\u00f3n conjunta en los sectores de petr\u00f3leo y energ\u00eda, y el intercambio de experiencias.<\/p>\n<p style=\"text-align: justify;\">Las dos partes destacaron durante una sesi\u00f3n de conversaciones en Bagdad, las profundas relaciones bilaterales y la necesidad de desarrollarlas en todos sus aspectos.<\/p>\n<p style=\"text-align: justify;\">En una declaraci\u00f3n al corresponsal de SANA en Bagdad, el ministro Tohme explic\u00f3 que la primera sesi\u00f3n de las conversaciones fue testigo de la discusi\u00f3n de una serie de ideas, visiones y proyectos que favorecen el avance de la industria petrolera en los dos pa\u00edses.<\/p>\n<p style=\"text-align: justify;\">Por su parte, el ministro iraqu\u00ed expres\u00f3 el inter\u00e9s de su pa\u00eds por fortalecer sus relaciones con los pa\u00edses vecinos en todos los campos, y se\u00f1al\u00f3 que las conversaciones abarcaron serie de temas de inter\u00e9s com\u00fan y visiones futuras para aprovechar la ubicaci\u00f3n estrat\u00e9gica de Siria y mejorar la cooperaci\u00f3n en el campo petrolero.<\/p>\n<p style=\"text-align: justify;\"><strong><span style=\"color: #0000ff;\">sm\/fm<\/span><\/strong><\/p>\n<p>&nbsp;<\/p>\n<div id='gallery-1' class='gallery galleryid-177672 gallery-columns-1 gallery-size-full'><figure class='gallery-item'>\n\t\t\t<div class='gallery-icon landscape'>\n\t\t\t\t<a href='https:\/\/archive.sana.sy\/es\/?attachment_id=177679'><img loading=\"lazy\" decoding=\"async\" width=\"660\" height=\"495\" src=\"https:\/\/archive.sana.sy\/es\/wp-content\/uploads\/2021\/04\/5-246.jpg\" class=\"attachment-full size-full\" alt=\"\" srcset=\"https:\/\/archive.sana.sy\/es\/wp-content\/uploads\/2021\/04\/5-246.jpg 660w, https:\/\/archive.sana.sy\/es\/wp-content\/uploads\/2021\/04\/5-246-300x225.jpg 300w, https:\/\/archive.sana.sy\/es\/wp-content\/uploads\/2021\/04\/5-246-150x113.jpg 150w\" sizes=\"(max-width: 660px) 100vw, 660px\" \/><\/a>\n\t\t\t<\/div><\/figure><figure class='gallery-item'>\n\t\t\t<div class='gallery-icon landscape'>\n\t\t\t\t<a href='https:\/\/archive.sana.sy\/es\/?attachment_id=177676'><img loading=\"lazy\" decoding=\"async\" width=\"660\" height=\"407\" src=\"https:\/\/archive.sana.sy\/es\/wp-content\/uploads\/2021\/04\/2-346-1.jpg\" class=\"attachment-full size-full\" alt=\"\" srcset=\"https:\/\/archive.sana.sy\/es\/wp-content\/uploads\/2021\/04\/2-346-1.jpg 660w, https:\/\/archive.sana.sy\/es\/wp-content\/uploads\/2021\/04\/2-346-1-300x185.jpg 300w, https:\/\/archive.sana.sy\/es\/wp-content\/uploads\/2021\/04\/2-346-1-150x93.jpg 150w\" sizes=\"(max-width: 660px) 100vw, 660px\" \/><\/a>\n\t\t\t<\/div><\/figure><figure class='gallery-item'>\n\t\t\t<div class='gallery-icon landscape'>\n\t\t\t\t<a href='https:\/\/archive.sana.sy\/es\/?attachment_id=177677'><img loading=\"lazy\" decoding=\"async\" width=\"660\" height=\"371\" src=\"https:\/\/archive.sana.sy\/es\/wp-content\/uploads\/2021\/04\/4-271-1.jpg\" class=\"attachment-full size-full\" alt=\"\" srcset=\"https:\/\/archive.sana.sy\/es\/wp-content\/uploads\/2021\/04\/4-271-1.jpg 660w, https:\/\/archive.sana.sy\/es\/wp-content\/uploads\/2021\/04\/4-271-1-300x169.jpg 300w, https:\/\/archive.sana.sy\/es\/wp-content\/uploads\/2021\/04\/4-271-1-150x84.jpg 150w\" sizes=\"(max-width: 660px) 100vw, 660px\" \/><\/a>\n\t\t\t<\/div><\/figure>\n\t\t<\/div>\n\n","protected":false},"excerpt":{"rendered":"<p>Bagdad, SANA El Ministro de Petr\u00f3leo y Recursos Minerales, Bassam Tohme, examin\u00f3 con el Ministro de Petr\u00f3leo iraqu\u00ed, Ihsan Abdul-Jabbar Ismail, las v\u00edas para fortalecer la cooperaci\u00f3n conjunta en los sectores de petr\u00f3leo y energ\u00eda, y el intercambio de experiencias. Las dos partes destacaron durante una sesi\u00f3n de conversaciones en Bagdad, las profundas relaciones bilaterales &hellip;<\/p>\n","protected":false},"author":39,"featured_media":177673,"comment_status":"closed","ping_status":"closed","sticky":false,"template":"","format":"standard","meta":{"footnotes":""},"categories":[447,597,16686,485,467,7541],"tags":[],"class_list":["post-177672","post","type-post","status-publish","format-standard","has-post-thumbnail","","category-local-politica","category-cinta-de-noticias","category-economia","category-informes-negocios-y-finanzas","category-siria-y-el-mundo","category-ultimas-noticias"],"_links":{"self":[{"href":"https:\/\/archive.sana.sy\/es\/index.php?rest_route=\/wp\/v2\/posts\/177672"}],"collection":[{"href":"https:\/\/archive.sana.sy\/es\/index.php?rest_route=\/wp\/v2\/posts"}],"about":[{"href":"https:\/\/archive.sana.sy\/es\/index.php?rest_route=\/wp\/v2\/types\/post"}],"author":[{"embeddable":true,"href":"https:\/\/archive.sana.sy\/es\/index.php?rest_route=\/wp\/v2\/users\/39"}],"replies":[{"embeddable":true,"href":"https:\/\/archive.sana.sy\/es\/index.php?rest_route=%2Fwp%2Fv2%2Fcomments&post=177672"}],"version-history":[{"count":0,"href":"https:\/\/archive.sana.sy\/es\/index.php?rest_route=\/wp\/v2\/posts\/177672\/revisions"}],"wp:featuredmedia":[{"embeddable":true,"href":"https:\/\/archive.sana.sy\/es\/index.php?rest_route=\/wp\/v2\/media\/177673"}],"wp:attachment":[{"href":"https:\/\/archive.sana.sy\/es\/index.php?rest_route=%2Fwp%2Fv2%2Fmedia&parent=177672"}],"wp:term":[{"taxonomy":"category","embeddable":true,"href":"https:\/\/archive.sana.sy\/es\/index.php?rest_route=%2Fwp%2Fv2%2Fcategories&post=177672"},{"taxonomy":"post_tag","embeddable":true,"href":"https:\/\/archive.sana.sy\/es\/index.php?rest_route=%2Fwp%2Fv2%2Ftags&post=177672"}],"curies":[{"name":"wp","href":"https:\/\/api.w.org\/{rel}","templated":true}]}}