{"id":177715,"date":"2021-04-29T22:19:53","date_gmt":"2021-04-29T19:19:53","guid":{"rendered":"http:\/\/107.6.182.27\/es\/?p=177715"},"modified":"2021-04-29T22:33:21","modified_gmt":"2021-04-29T19:33:21","slug":"bogdanov-y-haddad-examinan-los-acontecimientos-en-siria","status":"publish","type":"post","link":"https:\/\/archive.sana.sy\/es\/?p=177715","title":{"rendered":"Bogdanov y Haddad examinan los acontecimientos en Siria"},"content":{"rendered":"<p style=\"text-align: justify;\"><span style=\"color: #800000;\"><strong>Mosc\u00fa, SANA<\/strong><\/span><\/p>\n<p style=\"text-align: justify;\">El Representante Especial del Presidente ruso para Oriente Medio y Pa\u00edses Africanos y Viceministro de Exteriores de Rusia, Mija\u00edl Bogdanov, examin\u00f3 con el Embajador sirio en Mosc\u00fa, Riad Haddad, los acontecimientos en Siria y sus alrededores.<\/p>\n<p style=\"text-align: justify;\">La canciller\u00eda rusa dijo en un comunicado publicado en su sitio web que en la reuni\u00f3n se abord\u00f3 el fortalecimiento de la cooperaci\u00f3n ruso-siria multifac\u00e9tica, incluida la contribuci\u00f3n de Mosc\u00fa a la lucha contra la pandemia del Covid-19 en Siria.<\/p>\n<p style=\"text-align: justify;\"><span style=\"color: #0000ff;\"><strong>ah\/rsh<\/strong><\/span><\/p>\n","protected":false},"excerpt":{"rendered":"<p>Mosc\u00fa, SANA El Representante Especial del Presidente ruso para Oriente Medio y Pa\u00edses Africanos y Viceministro de Exteriores de Rusia, Mija\u00edl Bogdanov, examin\u00f3 con el Embajador sirio en Mosc\u00fa, Riad Haddad, los acontecimientos en Siria y sus alrededores. La canciller\u00eda rusa dijo en un comunicado publicado en su sitio web que en la reuni\u00f3n se &hellip;<\/p>\n","protected":false},"author":30,"featured_media":177718,"comment_status":"closed","ping_status":"closed","sticky":false,"template":"","format":"standard","meta":{"footnotes":""},"categories":[597,467,7541],"tags":[19013],"class_list":["post-177715","post","type-post","status-publish","format-standard","has-post-thumbnail","","category-cinta-de-noticias","category-siria-y-el-mundo","category-ultimas-noticias","tag-bogdanov-y-haddad-examinan-los-acontecimientos-en-siria"],"_links":{"self":[{"href":"https:\/\/archive.sana.sy\/es\/index.php?rest_route=\/wp\/v2\/posts\/177715"}],"collection":[{"href":"https:\/\/archive.sana.sy\/es\/index.php?rest_route=\/wp\/v2\/posts"}],"about":[{"href":"https:\/\/archive.sana.sy\/es\/index.php?rest_route=\/wp\/v2\/types\/post"}],"author":[{"embeddable":true,"href":"https:\/\/archive.sana.sy\/es\/index.php?rest_route=\/wp\/v2\/users\/30"}],"replies":[{"embeddable":true,"href":"https:\/\/archive.sana.sy\/es\/index.php?rest_route=%2Fwp%2Fv2%2Fcomments&post=177715"}],"version-history":[{"count":0,"href":"https:\/\/archive.sana.sy\/es\/index.php?rest_route=\/wp\/v2\/posts\/177715\/revisions"}],"wp:featuredmedia":[{"embeddable":true,"href":"https:\/\/archive.sana.sy\/es\/index.php?rest_route=\/wp\/v2\/media\/177718"}],"wp:attachment":[{"href":"https:\/\/archive.sana.sy\/es\/index.php?rest_route=%2Fwp%2Fv2%2Fmedia&parent=177715"}],"wp:term":[{"taxonomy":"category","embeddable":true,"href":"https:\/\/archive.sana.sy\/es\/index.php?rest_route=%2Fwp%2Fv2%2Fcategories&post=177715"},{"taxonomy":"post_tag","embeddable":true,"href":"https:\/\/archive.sana.sy\/es\/index.php?rest_route=%2Fwp%2Fv2%2Ftags&post=177715"}],"curies":[{"name":"wp","href":"https:\/\/api.w.org\/{rel}","templated":true}]}}