{"id":177758,"date":"2021-04-30T17:07:45","date_gmt":"2021-04-30T14:07:45","guid":{"rendered":"http:\/\/107.6.182.27\/es\/?p=177758"},"modified":"2021-04-30T16:09:47","modified_gmt":"2021-04-30T13:09:47","slug":"empleados-del-sector-electrico-ratifican-participacion-en-proximas-elecciones-presidenciales","status":"publish","type":"post","link":"https:\/\/archive.sana.sy\/es\/?p=177758","title":{"rendered":"Empleados del sector el\u00e9ctrico ratifican participaci\u00f3n en pr\u00f3ximas elecciones presidenciales"},"content":{"rendered":"<p><span style=\"color: #800000;\">Damasco, SANA<\/span><\/p>\n<p style=\"text-align: justify;\">El personal del sector el\u00e9ctrico, como el resto de los segmentos de la sociedad siria, esperan la fecha de las elecciones presidenciales previstas para el 26 de mayo pr\u00f3ximo para participar, sobre todo porque esos comicios forman parte de la batalla frente al terrorismo y de resistencia al injusto asedio impuesto a Siria.<\/p>\n<p style=\"text-align: justify;\">Los empleados del Ministerio de Electricidad trabajaron codo con codo junto con el Ej\u00e9rcito \u00c1rabe Sirio durante los a\u00f1os de la guerra contra el terrorismo, y realizaron sus tareas en duras condiciones para mantener el suministro de energ\u00eda a los ciudadanos a pesar de su exposici\u00f3n a los ataques de grupos terroristas armados, done muchos de ellos se convirtieron en m\u00e1rtires.<\/p>\n<p style=\"text-align: justify;\">La agencia SANA recogi\u00f3 las opiniones de los trabajadores del Ministerio de Electricidad, quienes enfatizaron que las elecciones son un derecho y un deber nacional y que celebrarlas representa una nueva evidencia de la firmeza de Siria frente a todos los desaf\u00edos.<\/p>\n<p style=\"text-align: justify;\">\u201cTodos debemos\u00a0 participar en las elecciones\u201d, as\u00ed coment\u00f3 el trabajador Muhammad Saeed al-Muhammad, confirmando que participar\u00e1 en las elecciones en apoyo a la soberan\u00eda de Siria , mientras que Thaer Suleiman indic\u00f3 que las elecciones son un derecho y deber nacional, y todos deber\u00edan participar en ellas para demostrarle al mundo que Siria sigue siendo fuerte.<\/p>\n<p style=\"text-align: justify;\">A su vez, el trabajador de Ali Masoud se\u00f1al\u00f3 que ejercer\u00e1 su derecho electoral , y destac\u00f3 que el pueblo sirio es el \u00fanico que tiene derecho a decidir sobre el futuro de su pa\u00eds.<\/p>\n<p style=\"text-align: justify;\">Las elecciones son un paso importante para la etapa de reconstrucci\u00f3n de Siria, seg\u00fan explic\u00f3, el Ing. Ahmed Al-Shatti.<\/p>\n<p style=\"text-align: justify;\">El pasado d\u00eda 18 del mes en curso, el Presidente de la Asamblea del Pueblo (Parlamento), Hamoudah Sabbag, anunci\u00f3 que a partir del lunes, 19 de abril, las personas pueden postularse a las elecciones presidenciales y presentar sus solicitudes de candidatura al Tribunal Constitucional Supremo en un plazo de 10 d\u00edas que finaliza a t\u00e9rmino de la jornada laboral del mi\u00e9rcoles, 28 de abril.<\/p>\n<p><em>mm<\/em><\/p>\n","protected":false},"excerpt":{"rendered":"<p>Damasco, SANA El personal del sector el\u00e9ctrico, como el resto de los segmentos de la sociedad siria, esperan la fecha de las elecciones presidenciales previstas para el 26 de mayo pr\u00f3ximo para participar, sobre todo porque esos comicios forman parte de la batalla frente al terrorismo y de resistencia al injusto asedio impuesto a Siria. &hellip;<\/p>\n","protected":false},"author":36,"featured_media":177759,"comment_status":"closed","ping_status":"closed","sticky":false,"template":"","format":"standard","meta":{"footnotes":""},"categories":[597,476,7541],"tags":[],"class_list":["post-177758","post","type-post","status-publish","format-standard","has-post-thumbnail","","category-cinta-de-noticias","category-locales","category-ultimas-noticias"],"_links":{"self":[{"href":"https:\/\/archive.sana.sy\/es\/index.php?rest_route=\/wp\/v2\/posts\/177758"}],"collection":[{"href":"https:\/\/archive.sana.sy\/es\/index.php?rest_route=\/wp\/v2\/posts"}],"about":[{"href":"https:\/\/archive.sana.sy\/es\/index.php?rest_route=\/wp\/v2\/types\/post"}],"author":[{"embeddable":true,"href":"https:\/\/archive.sana.sy\/es\/index.php?rest_route=\/wp\/v2\/users\/36"}],"replies":[{"embeddable":true,"href":"https:\/\/archive.sana.sy\/es\/index.php?rest_route=%2Fwp%2Fv2%2Fcomments&post=177758"}],"version-history":[{"count":0,"href":"https:\/\/archive.sana.sy\/es\/index.php?rest_route=\/wp\/v2\/posts\/177758\/revisions"}],"wp:featuredmedia":[{"embeddable":true,"href":"https:\/\/archive.sana.sy\/es\/index.php?rest_route=\/wp\/v2\/media\/177759"}],"wp:attachment":[{"href":"https:\/\/archive.sana.sy\/es\/index.php?rest_route=%2Fwp%2Fv2%2Fmedia&parent=177758"}],"wp:term":[{"taxonomy":"category","embeddable":true,"href":"https:\/\/archive.sana.sy\/es\/index.php?rest_route=%2Fwp%2Fv2%2Fcategories&post=177758"},{"taxonomy":"post_tag","embeddable":true,"href":"https:\/\/archive.sana.sy\/es\/index.php?rest_route=%2Fwp%2Fv2%2Ftags&post=177758"}],"curies":[{"name":"wp","href":"https:\/\/api.w.org\/{rel}","templated":true}]}}