{"id":177768,"date":"2021-04-30T15:09:37","date_gmt":"2021-04-30T12:09:37","guid":{"rendered":"http:\/\/107.6.182.27\/es\/?p=177768"},"modified":"2023-01-12T14:41:29","modified_gmt":"2023-01-12T12:41:29","slug":"detienen-a-11-terroristas-del-daesh-en-irak","status":"publish","type":"post","link":"https:\/\/archive.sana.sy\/es\/?p=177768","title":{"rendered":"Detienen a 11 terroristas del Daesh en Irak"},"content":{"rendered":"<p><span style=\"color: #800000;\">Bagdad, SANA<\/span><\/p>\n<p style=\"text-align: justify;\">Las fuerzas de Inteligencia iraqu\u00edes han arrestado a 11 miembros del grupo terrorista (Daesh ) al este del pa\u00eds.<\/p>\n<p style=\"text-align: justify;\">El servicio de Inteligencia iraqu\u00ed mediante un comunicado emitido este viernes ha anunciado el arresto de 11 terroristas del grupo extremista Daesh en la provincia oriental de Diyala en virtud del art\u00edculo 4 de la Ley de Terrorismo, han reportado medios iraqu\u00edes.<\/p>\n<p style=\"text-align: justify;\">A pesar de la derrota del Daesh en Irak, todav\u00eda los remanentes de este grupo terrorista en varias partes del pa\u00eds llevan a cabo actos terroristas espor\u00e1dicos.<\/p>\n<p><em>mm<\/em><\/p>\n","protected":false},"excerpt":{"rendered":"<p>Bagdad, SANA Las fuerzas de Inteligencia iraqu\u00edes han arrestado a 11 miembros del grupo terrorista (Daesh ) al este del pa\u00eds. El servicio de Inteligencia iraqu\u00ed mediante un comunicado emitido este viernes ha anunciado el arresto de 11 terroristas del grupo extremista Daesh en la provincia oriental de Diyala en virtud del art\u00edculo 4 de &hellip;<\/p>\n","protected":false},"author":36,"featured_media":5398,"comment_status":"closed","ping_status":"closed","sticky":false,"template":"","format":"standard","meta":{"footnotes":""},"categories":[597,456,457],"tags":[],"class_list":["post-177768","post","type-post","status-publish","format-standard","has-post-thumbnail","","category-cinta-de-noticias","category-arabe-internacional-politica","category-noticias-arabe-internacional-politica"],"_links":{"self":[{"href":"https:\/\/archive.sana.sy\/es\/index.php?rest_route=\/wp\/v2\/posts\/177768"}],"collection":[{"href":"https:\/\/archive.sana.sy\/es\/index.php?rest_route=\/wp\/v2\/posts"}],"about":[{"href":"https:\/\/archive.sana.sy\/es\/index.php?rest_route=\/wp\/v2\/types\/post"}],"author":[{"embeddable":true,"href":"https:\/\/archive.sana.sy\/es\/index.php?rest_route=\/wp\/v2\/users\/36"}],"replies":[{"embeddable":true,"href":"https:\/\/archive.sana.sy\/es\/index.php?rest_route=%2Fwp%2Fv2%2Fcomments&post=177768"}],"version-history":[{"count":0,"href":"https:\/\/archive.sana.sy\/es\/index.php?rest_route=\/wp\/v2\/posts\/177768\/revisions"}],"wp:featuredmedia":[{"embeddable":true,"href":"https:\/\/archive.sana.sy\/es\/index.php?rest_route=\/wp\/v2\/media\/5398"}],"wp:attachment":[{"href":"https:\/\/archive.sana.sy\/es\/index.php?rest_route=%2Fwp%2Fv2%2Fmedia&parent=177768"}],"wp:term":[{"taxonomy":"category","embeddable":true,"href":"https:\/\/archive.sana.sy\/es\/index.php?rest_route=%2Fwp%2Fv2%2Fcategories&post=177768"},{"taxonomy":"post_tag","embeddable":true,"href":"https:\/\/archive.sana.sy\/es\/index.php?rest_route=%2Fwp%2Fv2%2Ftags&post=177768"}],"curies":[{"name":"wp","href":"https:\/\/api.w.org\/{rel}","templated":true}]}}