{"id":177795,"date":"2021-04-30T18:11:12","date_gmt":"2021-04-30T15:11:12","guid":{"rendered":"http:\/\/107.6.182.27\/es\/?p=177795"},"modified":"2023-01-12T14:41:29","modified_gmt":"2023-01-12T12:41:29","slug":"represion-israeli-deja-a-decenas-de-palestinos-heridos","status":"publish","type":"post","link":"https:\/\/archive.sana.sy\/es\/?p=177795","title":{"rendered":"Represi\u00f3n israel\u00ed deja a decenas de palestinos heridos"},"content":{"rendered":"<p><span style=\"color: #800000;\">Jerusal\u00e9n, SANA<\/span><\/p>\n<p style=\"text-align: justify;\">Decenas de palestinos resultaron heridos cuando las fuerzas de ocupaci\u00f3n israel\u00edes reprimieron una manifestaci\u00f3n contra los asentamientos en Beit Dajan, al este de Nablus, en Cisjordania.<\/p>\n<p style=\"text-align: justify;\">La agencia de noticias Wafa inform\u00f3 que las fuerzas de ocupaci\u00f3n irrumpieron en la aldea y dispararon balas y lanzaron bombas de gas t\u00f3xico contra los participantes en la manifestaci\u00f3n, hiriendo a cuatro de ellos y dejan a decenas de asfixiados.<\/p>\n<p style=\"text-align: justify;\">La aldea de Beit Dajan es testigo de manifestaciones todos los viernes para protestar contra los planes de la ocupaci\u00f3n de apoderarse de partes de sus tierras y construir bloque de asentamiento.<\/p>\n<p style=\"text-align: justify;\">Asimismo, decenas de palestinos tambi\u00e9n resultaron heridos y asfixiados como resultado de la represi\u00f3n israel\u00ed de la manifestaci\u00f3n semanal que se organiza en la aldea de Kafr Qaddum contra los asentamientos, y la demanda de abrir la calle del pueblo, que ha estado cerrada durante 18 a\u00f1os, al este de Qalqilya en Cisjordania.<\/p>\n<p style=\"text-align: justify;\">&#8220;Las fuerzas de la ocupaci\u00f3n sionista asaltaron la aldea y dispararon granadas de gas venenoso contra los participantes de la manifestaci\u00f3n&#8221;, seg\u00fan report\u00f3 la agencia de noticias Wafa.<\/p>\n<p><em>mm<\/em><\/p>\n","protected":false},"excerpt":{"rendered":"<p>Jerusal\u00e9n, SANA Decenas de palestinos resultaron heridos cuando las fuerzas de ocupaci\u00f3n israel\u00edes reprimieron una manifestaci\u00f3n contra los asentamientos en Beit Dajan, al este de Nablus, en Cisjordania. La agencia de noticias Wafa inform\u00f3 que las fuerzas de ocupaci\u00f3n irrumpieron en la aldea y dispararon balas y lanzaron bombas de gas t\u00f3xico contra los participantes &hellip;<\/p>\n","protected":false},"author":36,"featured_media":177797,"comment_status":"closed","ping_status":"closed","sticky":false,"template":"","format":"standard","meta":{"footnotes":""},"categories":[597,456,457],"tags":[],"class_list":["post-177795","post","type-post","status-publish","format-standard","has-post-thumbnail","","category-cinta-de-noticias","category-arabe-internacional-politica","category-noticias-arabe-internacional-politica"],"_links":{"self":[{"href":"https:\/\/archive.sana.sy\/es\/index.php?rest_route=\/wp\/v2\/posts\/177795"}],"collection":[{"href":"https:\/\/archive.sana.sy\/es\/index.php?rest_route=\/wp\/v2\/posts"}],"about":[{"href":"https:\/\/archive.sana.sy\/es\/index.php?rest_route=\/wp\/v2\/types\/post"}],"author":[{"embeddable":true,"href":"https:\/\/archive.sana.sy\/es\/index.php?rest_route=\/wp\/v2\/users\/36"}],"replies":[{"embeddable":true,"href":"https:\/\/archive.sana.sy\/es\/index.php?rest_route=%2Fwp%2Fv2%2Fcomments&post=177795"}],"version-history":[{"count":0,"href":"https:\/\/archive.sana.sy\/es\/index.php?rest_route=\/wp\/v2\/posts\/177795\/revisions"}],"wp:featuredmedia":[{"embeddable":true,"href":"https:\/\/archive.sana.sy\/es\/index.php?rest_route=\/wp\/v2\/media\/177797"}],"wp:attachment":[{"href":"https:\/\/archive.sana.sy\/es\/index.php?rest_route=%2Fwp%2Fv2%2Fmedia&parent=177795"}],"wp:term":[{"taxonomy":"category","embeddable":true,"href":"https:\/\/archive.sana.sy\/es\/index.php?rest_route=%2Fwp%2Fv2%2Fcategories&post=177795"},{"taxonomy":"post_tag","embeddable":true,"href":"https:\/\/archive.sana.sy\/es\/index.php?rest_route=%2Fwp%2Fv2%2Ftags&post=177795"}],"curies":[{"name":"wp","href":"https:\/\/api.w.org\/{rel}","templated":true}]}}