{"id":177933,"date":"2021-05-01T20:00:19","date_gmt":"2021-05-01T17:00:19","guid":{"rendered":"http:\/\/107.6.182.27\/es\/?p=177933"},"modified":"2021-09-28T08:17:01","modified_gmt":"2021-09-28T05:17:01","slug":"la-onu-resalta-a-dos-mujeres-sirias-en-el-dia-mundial-de-los-trabajadores","status":"publish","type":"post","link":"https:\/\/archive.sana.sy\/es\/?p=177933","title":{"rendered":"La ONU resalta a dos mujeres sirias en el D\u00eda Mundial de los Trabajadores"},"content":{"rendered":"<p><span style=\"color: #800000;\">Ginebra, SANA<\/span><\/p>\n<p style=\"text-align: justify;\">Con motivo del D\u00eda Mundial de los Trabajadores, la Oficina de las Naciones Unidas en Ginebra celebr\u00f3 una galer\u00eda fotogr\u00e1fica virtual titulada &#8220;No es oficio de mujer&#8221;, para la que muchas mujeres trabajadoras del mundo fueron seleccionadas en reconocimiento y apoyo a sus esfuerzos.<\/p>\n<p style=\"text-align: justify;\">Entre las mujeres elegidas por las Naciones Unidas figuran; la ingeniera el\u00e9ctrica siria, Safa Nofal, y la \u00e1rbitra internacional de f\u00fatbol, Ruba Zarqa, como modelo para las mujeres sirias trabajadoras que se dedican a las profesiones m\u00e1s dif\u00edciles junto a los hombres.<\/p>\n<p style=\"text-align: justify;\">La oficina de las NU en Ginebra adjuntaba en su p\u00e1gina una foto de la Ing. Safa sobre una torre el\u00e9ctrica de alta tensi\u00f3n y le adjunt\u00f3 el comentario: &#8220;Safa Nofal es licenciada de la Facultad de Ingenier\u00eda El\u00e9ctrica y trabaja en la Compa\u00f1\u00eda Estatal de Electricidad en Homs, y a pesar de este dif\u00edcil y peligroso trabajo, ella insiste en reparar las l\u00edneas de la red el\u00e9ctrica destruidas por la guerra&#8221;.<\/p>\n<p style=\"text-align: justify;\">&#8220;Lo que estoy haciendo confirma la capacidad y productividad de las mujeres sirias en diferentes \u00e1mbitos de la vida a pesar de la opini\u00f3n tradicional de que algunas profesiones son exclusivos del entorno masculino&#8221;, cit\u00f3 la oficina de la ONU a Safa.<\/p>\n<p style=\"text-align: justify;\">Asimismo, la oficina public\u00f3 una foto de la \u00e1rbitra internacional de f\u00fatbol, Ruba Zarqa, present\u00e1ndola con la leyenda: &#8220;Es la primera mujer asi\u00e1tica en recibir dos insignias internacionales en f\u00fatbol y f\u00fatbol de sala, ya que fue miembro de la selecci\u00f3n nacional de f\u00fatbol femenino y m\u00e1s tarde se convirti\u00f3 en \u00e1rbitra\u2026 En 2017, Ruba recibi\u00f3 la insignia del \u00e1rbitro internacional de la FIFA.&#8221;<\/p>\n<p style=\"text-align: justify;\">La oficina indic\u00f3 que las fotograf\u00edas incluidas en la galer\u00eda fueron proporcionadas por misiones permanentes y oficinas de observadores en Ginebra sobre mujeres que hab\u00edan contribuido a romper estereotipos profundamente arraigados en sus pa\u00edses y hab\u00edan demostrado que todos los puestos est\u00e1n disponibles para hombres y mujeres por igual.<\/p>\n<p><span style=\"color: #0000ff;\">ah\/rsh<\/span><\/p>\n<div id='gallery-1' class='gallery galleryid-177933 gallery-columns-1 gallery-size-full'><figure class='gallery-item'>\n\t\t\t<div class='gallery-icon landscape'>\n\t\t\t\t<a href='https:\/\/archive.sana.sy\/es\/wp-content\/uploads\/2021\/05\/Untitled-1-2.jpg'><img loading=\"lazy\" decoding=\"async\" width=\"660\" height=\"330\" src=\"https:\/\/archive.sana.sy\/es\/wp-content\/uploads\/2021\/05\/Untitled-1-2.jpg\" class=\"attachment-full size-full\" alt=\"\" srcset=\"https:\/\/archive.sana.sy\/es\/wp-content\/uploads\/2021\/05\/Untitled-1-2.jpg 660w, https:\/\/archive.sana.sy\/es\/wp-content\/uploads\/2021\/05\/Untitled-1-2-300x150.jpg 300w, https:\/\/archive.sana.sy\/es\/wp-content\/uploads\/2021\/05\/Untitled-1-2-150x75.jpg 150w\" sizes=\"(max-width: 660px) 100vw, 660px\" \/><\/a>\n\t\t\t<\/div><\/figure>\n\t\t<\/div>\n\n","protected":false},"excerpt":{"rendered":"<p>Ginebra, SANA Con motivo del D\u00eda Mundial de los Trabajadores, la Oficina de las Naciones Unidas en Ginebra celebr\u00f3 una galer\u00eda fotogr\u00e1fica virtual titulada &#8220;No es oficio de mujer&#8221;, para la que muchas mujeres trabajadoras del mundo fueron seleccionadas en reconocimiento y apoyo a sus esfuerzos. Entre las mujeres elegidas por las Naciones Unidas figuran; &hellip;<\/p>\n","protected":false},"author":31,"featured_media":177934,"comment_status":"closed","ping_status":"closed","sticky":false,"template":"","format":"standard","meta":{"footnotes":""},"categories":[597,19549,467,7541],"tags":[],"class_list":["post-177933","post","type-post","status-publish","format-standard","has-post-thumbnail","","category-cinta-de-noticias","category-ellas","category-siria-y-el-mundo","category-ultimas-noticias"],"_links":{"self":[{"href":"https:\/\/archive.sana.sy\/es\/index.php?rest_route=\/wp\/v2\/posts\/177933"}],"collection":[{"href":"https:\/\/archive.sana.sy\/es\/index.php?rest_route=\/wp\/v2\/posts"}],"about":[{"href":"https:\/\/archive.sana.sy\/es\/index.php?rest_route=\/wp\/v2\/types\/post"}],"author":[{"embeddable":true,"href":"https:\/\/archive.sana.sy\/es\/index.php?rest_route=\/wp\/v2\/users\/31"}],"replies":[{"embeddable":true,"href":"https:\/\/archive.sana.sy\/es\/index.php?rest_route=%2Fwp%2Fv2%2Fcomments&post=177933"}],"version-history":[{"count":0,"href":"https:\/\/archive.sana.sy\/es\/index.php?rest_route=\/wp\/v2\/posts\/177933\/revisions"}],"wp:featuredmedia":[{"embeddable":true,"href":"https:\/\/archive.sana.sy\/es\/index.php?rest_route=\/wp\/v2\/media\/177934"}],"wp:attachment":[{"href":"https:\/\/archive.sana.sy\/es\/index.php?rest_route=%2Fwp%2Fv2%2Fmedia&parent=177933"}],"wp:term":[{"taxonomy":"category","embeddable":true,"href":"https:\/\/archive.sana.sy\/es\/index.php?rest_route=%2Fwp%2Fv2%2Fcategories&post=177933"},{"taxonomy":"post_tag","embeddable":true,"href":"https:\/\/archive.sana.sy\/es\/index.php?rest_route=%2Fwp%2Fv2%2Ftags&post=177933"}],"curies":[{"name":"wp","href":"https:\/\/api.w.org\/{rel}","templated":true}]}}