{"id":178030,"date":"2021-05-02T14:14:11","date_gmt":"2021-05-02T11:14:11","guid":{"rendered":"http:\/\/107.6.182.27\/es\/?p=178030"},"modified":"2021-05-02T14:14:11","modified_gmt":"2021-05-02T11:14:11","slug":"presidente-al-assad-felicita-a-comunidades-cristianas-por-la-pascua-2","status":"publish","type":"post","link":"https:\/\/archive.sana.sy\/es\/?p=178030","title":{"rendered":"Presidente al-Assad felicita a comunidades cristianas por la Pascua"},"content":{"rendered":"<p style=\"text-align: justify;\"><strong>Damasco, SANA<\/strong><\/p>\n<p style=\"text-align: justify;\">El presidente Bashar al-Assad, felicit\u00f3 a las comunidades cristianas que celebran la Pascua por el calendario oriental, y les dese\u00f3 a ellas y a todo el pueblo sirio salud, bondad y paz.<\/p>\n<p style=\"text-align: justify;\">Las felicitaciones del mandatario fueron transmitidas por el ministro de la Presidencia, Mansour Azzam, quien visit\u00f3 a Juan X Yazji, Patriarca de Antioqu\u00eda y todo Oriente de la Iglesia Greco-ortodoxa, y a Mar Ignatius Aphram II, Patriarca de Antioqu\u00eda y todo Oriente y m\u00e1xima autoridad de la Iglesia Ortodoxa Sir\u00edaca en el mundo.<\/p>\n<p style=\"text-align: justify;\">A su vez, ambos patriarcas expresaron su gran gratitud por las felicitaciones del presidente al-Assad y su esperanza que Dios preserve a Siria, la libre del terrorismo y de la pandemia de la Covid-19 y recupere su seguridad y estabilidad.<\/p>\n<p style=\"text-align: justify;\">Las comunidades cristianas sirias que siguen el calendario oriental, celebraron hoy la Pascua con oraciones y misas en iglesias y lugares de culto.<\/p>\n<p style=\"text-align: justify;\"><strong><span style=\"color: #0000ff;\">fm\/ed<\/span><\/strong><\/p>\n","protected":false},"excerpt":{"rendered":"<p>Damasco, SANA El presidente Bashar al-Assad, felicit\u00f3 a las comunidades cristianas que celebran la Pascua por el calendario oriental, y les dese\u00f3 a ellas y a todo el pueblo sirio salud, bondad y paz. Las felicitaciones del mandatario fueron transmitidas por el ministro de la Presidencia, Mansour Azzam, quien visit\u00f3 a Juan X Yazji, Patriarca &hellip;<\/p>\n","protected":false},"author":32,"featured_media":178031,"comment_status":"closed","ping_status":"closed","sticky":false,"template":"","format":"standard","meta":{"footnotes":""},"categories":[447,597,476,583],"tags":[],"class_list":["post-178030","post","type-post","status-publish","format-standard","has-post-thumbnail","","category-local-politica","category-cinta-de-noticias","category-locales","category-slide"],"_links":{"self":[{"href":"https:\/\/archive.sana.sy\/es\/index.php?rest_route=\/wp\/v2\/posts\/178030"}],"collection":[{"href":"https:\/\/archive.sana.sy\/es\/index.php?rest_route=\/wp\/v2\/posts"}],"about":[{"href":"https:\/\/archive.sana.sy\/es\/index.php?rest_route=\/wp\/v2\/types\/post"}],"author":[{"embeddable":true,"href":"https:\/\/archive.sana.sy\/es\/index.php?rest_route=\/wp\/v2\/users\/32"}],"replies":[{"embeddable":true,"href":"https:\/\/archive.sana.sy\/es\/index.php?rest_route=%2Fwp%2Fv2%2Fcomments&post=178030"}],"version-history":[{"count":0,"href":"https:\/\/archive.sana.sy\/es\/index.php?rest_route=\/wp\/v2\/posts\/178030\/revisions"}],"wp:featuredmedia":[{"embeddable":true,"href":"https:\/\/archive.sana.sy\/es\/index.php?rest_route=\/wp\/v2\/media\/178031"}],"wp:attachment":[{"href":"https:\/\/archive.sana.sy\/es\/index.php?rest_route=%2Fwp%2Fv2%2Fmedia&parent=178030"}],"wp:term":[{"taxonomy":"category","embeddable":true,"href":"https:\/\/archive.sana.sy\/es\/index.php?rest_route=%2Fwp%2Fv2%2Fcategories&post=178030"},{"taxonomy":"post_tag","embeddable":true,"href":"https:\/\/archive.sana.sy\/es\/index.php?rest_route=%2Fwp%2Fv2%2Ftags&post=178030"}],"curies":[{"name":"wp","href":"https:\/\/api.w.org\/{rel}","templated":true}]}}