{"id":178034,"date":"2021-05-02T14:36:10","date_gmt":"2021-05-02T11:36:10","guid":{"rendered":"http:\/\/107.6.182.27\/es\/?p=178034"},"modified":"2021-05-02T14:36:10","modified_gmt":"2021-05-02T11:36:10","slug":"selecciones-sirias-de-baloncesto-sub-16-se-clasifican-para-la-copa-del-mundo-en-categoria-de-habilidades-individuales","status":"publish","type":"post","link":"https:\/\/archive.sana.sy\/es\/?p=178034","title":{"rendered":"Selecciones sirias de baloncesto sub-16 se clasifican para la Copa del Mundo en categor\u00eda de habilidades individuales"},"content":{"rendered":"<p style=\"text-align: justify;\"><span style=\"color: #800000;\"><strong>Damasco, SANA<\/strong><\/span><\/p>\n<p style=\"text-align: justify;\">Los equipos de baloncesto sub-15 de Siria (masculino y femenino) se clasificaron hoy para la Copa del Mundo Sub-15 para habilidades individuales, luego de terminar como subcampeones en sus grupos en los partidos clasificatorios asi\u00e1ticos que se llevaron a cabo bajo supervisi\u00f3n de la Federaci\u00f3n Internacional del Juego.<\/p>\n<p style=\"text-align: justify;\">El equipo masculino ocup\u00f3 el segundo lugar en su grupo con un puntaje de 7 puntos al igual que el equipo chino que encabez\u00f3 el grupo por la diferencia de puntaje.<\/p>\n<p style=\"text-align: justify;\">Mientras el equipo femenino qued\u00f3 segundo en su grupo despu\u00e9s de China tambi\u00e9n.<\/p>\n<p style=\"text-align: justify;\">El sistema de torneo estipula que el primero y el segundo de cada grupo se clasifiquen para la final de la Copa del Mundo.<\/p>\n<p style=\"text-align: justify;\"><strong><span style=\"color: #0000ff;\">fm\/ed<\/span><\/strong><\/p>\n","protected":false},"excerpt":{"rendered":"<p>Damasco, SANA Los equipos de baloncesto sub-15 de Siria (masculino y femenino) se clasificaron hoy para la Copa del Mundo Sub-15 para habilidades individuales, luego de terminar como subcampeones en sus grupos en los partidos clasificatorios asi\u00e1ticos que se llevaron a cabo bajo supervisi\u00f3n de la Federaci\u00f3n Internacional del Juego. El equipo masculino ocup\u00f3 el &hellip;<\/p>\n","protected":false},"author":32,"featured_media":178035,"comment_status":"closed","ping_status":"closed","sticky":false,"template":"","format":"standard","meta":{"footnotes":""},"categories":[597,494,7541],"tags":[],"class_list":["post-178034","post","type-post","status-publish","format-standard","has-post-thumbnail","","category-cinta-de-noticias","category-deportes","category-ultimas-noticias"],"_links":{"self":[{"href":"https:\/\/archive.sana.sy\/es\/index.php?rest_route=\/wp\/v2\/posts\/178034"}],"collection":[{"href":"https:\/\/archive.sana.sy\/es\/index.php?rest_route=\/wp\/v2\/posts"}],"about":[{"href":"https:\/\/archive.sana.sy\/es\/index.php?rest_route=\/wp\/v2\/types\/post"}],"author":[{"embeddable":true,"href":"https:\/\/archive.sana.sy\/es\/index.php?rest_route=\/wp\/v2\/users\/32"}],"replies":[{"embeddable":true,"href":"https:\/\/archive.sana.sy\/es\/index.php?rest_route=%2Fwp%2Fv2%2Fcomments&post=178034"}],"version-history":[{"count":0,"href":"https:\/\/archive.sana.sy\/es\/index.php?rest_route=\/wp\/v2\/posts\/178034\/revisions"}],"wp:featuredmedia":[{"embeddable":true,"href":"https:\/\/archive.sana.sy\/es\/index.php?rest_route=\/wp\/v2\/media\/178035"}],"wp:attachment":[{"href":"https:\/\/archive.sana.sy\/es\/index.php?rest_route=%2Fwp%2Fv2%2Fmedia&parent=178034"}],"wp:term":[{"taxonomy":"category","embeddable":true,"href":"https:\/\/archive.sana.sy\/es\/index.php?rest_route=%2Fwp%2Fv2%2Fcategories&post=178034"},{"taxonomy":"post_tag","embeddable":true,"href":"https:\/\/archive.sana.sy\/es\/index.php?rest_route=%2Fwp%2Fv2%2Ftags&post=178034"}],"curies":[{"name":"wp","href":"https:\/\/api.w.org\/{rel}","templated":true}]}}