{"id":178090,"date":"2021-05-03T10:27:26","date_gmt":"2021-05-03T07:27:26","guid":{"rendered":"http:\/\/107.6.182.27\/es\/?p=178090"},"modified":"2021-05-03T10:27:26","modified_gmt":"2021-05-03T07:27:26","slug":"muere-civil-por-disparos-de-armados-proturcos-en-al-berej-norte-de-alepo","status":"publish","type":"post","link":"https:\/\/archive.sana.sy\/es\/?p=178090","title":{"rendered":"Muere civil por disparos de armados proturcos en Al-Berej, norte de Alepo"},"content":{"rendered":"<p style=\"text-align: justify;\"><strong><span style=\"color: #800000;\">Alepo, SANA<\/span><\/strong><\/p>\n<p style=\"text-align: justify;\">Un civil muri\u00f3 y otros dos resultaron heridos cuando mercenarios del ocupante turco abrieron fuego contra los pobladores de la localidad de Al-Berej, en el norte de la provincia de Alepo.<\/p>\n<p style=\"text-align: justify;\">Activistas locales comunicaron a SANA que terroristas del llamado (Ej\u00e9rcito Nacional) que recibe \u00f3rdenes de las fuerzas de ocupaci\u00f3n turcas, intent\u00f3 apoderarse de tierras y casas de la aldea, lo que llev\u00f3 a los pobladores a enfrentarlos.<\/p>\n<p style=\"text-align: justify;\">Agregaron que los extremistas asaltantes abrieron fuego directamente contra los civiles lo que caus\u00f3 la muerte de uno de ellos y lesiones a otros dos.<\/p>\n<p style=\"text-align: justify;\">Dichos radicales secuestraron tambi\u00e9n al hermano de la v\u00edctima y lo llevaron a un destino desconocido luego de intentar impedir que los terroristas entraran a su tierra.<\/p>\n<p style=\"text-align: justify;\"><span style=\"color: #0000ff;\"><strong>fm\/ws<\/strong><\/span><\/p>\n","protected":false},"excerpt":{"rendered":"<p>Alepo, SANA Un civil muri\u00f3 y otros dos resultaron heridos cuando mercenarios del ocupante turco abrieron fuego contra los pobladores de la localidad de Al-Berej, en el norte de la provincia de Alepo. Activistas locales comunicaron a SANA que terroristas del llamado (Ej\u00e9rcito Nacional) que recibe \u00f3rdenes de las fuerzas de ocupaci\u00f3n turcas, intent\u00f3 apoderarse &hellip;<\/p>\n","protected":false},"author":35,"featured_media":178091,"comment_status":"closed","ping_status":"closed","sticky":false,"template":"","format":"standard","meta":{"footnotes":""},"categories":[447,477,597,573,476,7541],"tags":[],"class_list":["post-178090","post","type-post","status-publish","format-standard","has-post-thumbnail","","category-local-politica","category-noticias-edulcorantes","category-cinta-de-noticias","category-la-realidad-de-los-acontecimientos-en-siria","category-locales","category-ultimas-noticias"],"_links":{"self":[{"href":"https:\/\/archive.sana.sy\/es\/index.php?rest_route=\/wp\/v2\/posts\/178090"}],"collection":[{"href":"https:\/\/archive.sana.sy\/es\/index.php?rest_route=\/wp\/v2\/posts"}],"about":[{"href":"https:\/\/archive.sana.sy\/es\/index.php?rest_route=\/wp\/v2\/types\/post"}],"author":[{"embeddable":true,"href":"https:\/\/archive.sana.sy\/es\/index.php?rest_route=\/wp\/v2\/users\/35"}],"replies":[{"embeddable":true,"href":"https:\/\/archive.sana.sy\/es\/index.php?rest_route=%2Fwp%2Fv2%2Fcomments&post=178090"}],"version-history":[{"count":0,"href":"https:\/\/archive.sana.sy\/es\/index.php?rest_route=\/wp\/v2\/posts\/178090\/revisions"}],"wp:featuredmedia":[{"embeddable":true,"href":"https:\/\/archive.sana.sy\/es\/index.php?rest_route=\/wp\/v2\/media\/178091"}],"wp:attachment":[{"href":"https:\/\/archive.sana.sy\/es\/index.php?rest_route=%2Fwp%2Fv2%2Fmedia&parent=178090"}],"wp:term":[{"taxonomy":"category","embeddable":true,"href":"https:\/\/archive.sana.sy\/es\/index.php?rest_route=%2Fwp%2Fv2%2Fcategories&post=178090"},{"taxonomy":"post_tag","embeddable":true,"href":"https:\/\/archive.sana.sy\/es\/index.php?rest_route=%2Fwp%2Fv2%2Ftags&post=178090"}],"curies":[{"name":"wp","href":"https:\/\/api.w.org\/{rel}","templated":true}]}}